{"id":2124,"date":"2023-05-27T09:56:33","date_gmt":"2023-05-27T09:56:33","guid":{"rendered":"https:\/\/morkemeditasjoner.no\/?p=2124"},"modified":"2026-04-14T16:16:33","modified_gmt":"2026-04-14T16:16:33","slug":"sno-og-granskog","status":"publish","type":"post","link":"https:\/\/morkemeditasjoner.no\/?p=2124","title":{"rendered":"Sn\u00f8 og granskog"},"content":{"rendered":"\n<p>Den 15. april 2023 kom boken min <em>Sn\u00f8 og granskog. Spr\u00e5k, ideologi og nasjonalromantisk raseri i norsk svartmetall<\/em> ut. Den gis ut av Nasjonalbiblioteket som en del av en st\u00f8rre satsning p\u00e5 \u00e5 vise frem norsk svartmetall plass i den norske kulturhistorien. Sentralt i satsingen st\u00e5r utstillingen \u00abD\u00e5rlig stemning\u00bb. Boken har f\u00e5tt en gledelig bred pressedekning p\u00e5 nett, p\u00e5 radio, og i trykte medier. Det har ogs\u00e5 v\u00e6rt knyttet flere arrangementer til utgivelsen.<\/p>\n\n\n\n<!--more-->\n\n\n\n<p>Her er et utdrag fra tidlig i boken som i grove trekk beskriver hva den handler om:<\/p>\n\n\n\n<blockquote class=\"wp-block-quote is-layout-flow wp-block-quote-is-layout-flow\">\n<p>Boken er grovt sett delt inn i tre tematiske deler. F\u00f8rste del tar for seg en rekke av i alle fall den tidlige norske svartmetallens kjennetegn. Hvordan den grodde ut av rocken, utviklet seg musikalsk som en motreaksjon mot kommersialiseringen av death metal, og ideologisk som et oppr\u00f8r mot oppfatningen av datidens kristen-sosialdemokratiske livslunkenhet og falskhet. Hvordan svartmetallen s\u00f8kte seg vekk fra det strukturerte samfunnet og ut i den ville, mystiske skogen, og hvordan den s\u00e5 bakover i historien for \u00e5 finne malen for en ny tid. Andre del dykker dypere ned i hvordan svartmetallen finner sitt spr\u00e5k og sine id\u00e9historiske referanser i nasjonalromantikkens forst\u00e5else av naturen og v\u00e5r middelalderhistorie. I siste del lar jeg svartmetallen finne sitt hjem i det som fremst\u00e5r som dens tilfluktssted, samfunnets antitese: skogen. Overgangen mellom temaene er likevel s\u00e5pass flytende at jeg har valgt ikke \u00e5 stykke boken opp i faktiske deler, men kun bruker kapittelinndeling.<\/p>\n\n\n\n<p>Den r\u00f8de, eller snarere svarte, tr\u00e5den i boken er svartmetallens bruk av spr\u00e5k og billedkunst som virkemiddel for \u00e5 koble seg p\u00e5 en forgangen tid. Svartmetallen gj\u00f8r dette b\u00e5de ved \u00e5 referere til fordums hendelser og scener, og ved \u00e5 bruke konkrete kunstuttrykk i form av ord, setninger og bilder fra diktekunsten og billedkunsten.<\/p>\n\n\n\n<p>S\u00e6rlig benytter svartmetallen seg av 1800-tallets nasjonalromantiske tekster og billedkunst som et springbrett tilbake i tid. Ikke bare til denne tidens h\u00f8yverdige dansk-norske spr\u00e5klige stil og billedkunst, men ogs\u00e5 tilbake til v\u00e5re norr\u00f8ne forfedres gudeverden og moral, og til de senere folkelige eventyrfortellingene. Eventyr vi kjenner fra innsamling og utgivelser av skrifter, og ikke minst illustrasjoner som ble laget i denne nasjonskonstituerende perioden.<\/p>\n\n\n\n<p>Dette er blitt en ganske nerdete bok full av detaljer og assosiative sprang. Men i bunnen ligger det et sterkt \u00f8nske om \u00e5 forst\u00e5 og formidle svartmetallens ideologiske og kunstneriske inspirasjoner. Gjennom dypdykk i svartmetallens egne tekster, intervjuer og avhandlinger, og med referanses\u00f8k i Nasjonalbibliotekets store tekstsamling, har jeg gravd frem ideologiske og litter\u00e6re l\u00e5n fra litteraturen som nok kan komme overraskende p\u00e5 b\u00e5de dem som er innforst\u00e5tt med denne musikksjangeren, og dem som ikke kjenner den s\u00e5 godt.<\/p>\n\n\n\n<p>Dette er ogs\u00e5 bokens fortrinn. Den fors\u00f8ker \u00e5 trekke noen lange kulturhistoriske linjer, og den dykker ned i noen etter min mening interessante kulturhistoriske l\u00e5n.<\/p>\n<cite>Helge Kaasin, <em>Sn\u00f8 og granskog<\/em>, s. 8<\/cite><\/blockquote>\n\n\n\n<p>Boken er p\u00e5 181 sider inkludert en omfattende kildeliste.<\/p>\n\n\n\n<p>Her er pressemeldingen fra Nasjonalbiblioteket: <a href=\"https:\/\/www.nb.no\/pressemeldinger\/helge-kaasin-om-sprak-ideologi-og-raseri-i-norsk-svartmetall\/\">Helge Kaasin om spr\u00e5k, ideologi og raseri i norsk svartmetall<\/a>.<\/p>\n\n\n\n<h2 class=\"wp-block-heading\">Hvor kan jeg kj\u00f8pe boken?<\/h2>\n\n\n\n<figure class=\"wp-block-image size-large\"><img loading=\"lazy\" decoding=\"async\" width=\"1024\" height=\"576\" src=\"https:\/\/morkemeditasjoner.no\/wp-content\/uploads\/2023\/05\/IMG_9575-1024x576.jpeg\" alt=\"\" class=\"wp-image-2179\" srcset=\"https:\/\/morkemeditasjoner.no\/wp-content\/uploads\/2023\/05\/IMG_9575-1024x576.jpeg 1024w, https:\/\/morkemeditasjoner.no\/wp-content\/uploads\/2023\/05\/IMG_9575-300x169.jpeg 300w, https:\/\/morkemeditasjoner.no\/wp-content\/uploads\/2023\/05\/IMG_9575-768x432.jpeg 768w, https:\/\/morkemeditasjoner.no\/wp-content\/uploads\/2023\/05\/IMG_9575-1536x864.jpeg 1536w, https:\/\/morkemeditasjoner.no\/wp-content\/uploads\/2023\/05\/IMG_9575-2048x1152.jpeg 2048w\" sizes=\"auto, (max-width: 1024px) 100vw, 1024px\" \/><\/figure>\n\n\n\n<p>Boken f\u00e5s kj\u00f8pt i noen utvalgte bokhandlere ved siden av p\u00e5 Nasjonalbiblioteket, men mange steder p\u00e5 nett:<\/p>\n\n\n\n<ul class=\"wp-block-list\">\n<li><a href=\"https:\/\/www.nb.no\/nettbutikk\/produkt\/sno-og-granskog\/\">Nasjonalbiblioteket<\/a><\/li>\n\n\n\n<li><a href=\"https:\/\/www.adlibris.com\/no\/bok\/sno-og-granskog-9788279655572\">Adlibris<\/a><\/li>\n\n\n\n<li><a href=\"https:\/\/www.akademika.no\/dokumentar-og-fakta\/kunst-og-kultur\/sno-og-granskog\/9788279655572\">Akademika<\/a><\/li>\n\n\n\n<li><a href=\"https:\/\/www.ark.no\/produkt\/boker\/faktaboker-og-dokumentarer\/sno-og-granskog-9788279655572\">Ark<\/a><\/li>\n\n\n\n<li><a href=\"https:\/\/www.bokklubben.no\/sosial-og-kulturhistorie\/snoe-og-granskog-helge-kaasin\/produkt.do?produktId=82733963\">Bokklubben<\/a><\/li>\n\n\n\n<li><a href=\"https:\/\/www.norli.no\/boker\/hobby-og-fritid\/kunst-og-kultur\/kulturhistorie\/sno-og-granskog\">Norli<\/a><\/li>\n<\/ul>\n\n\n\n<h2 class=\"wp-block-heading\">Medieoppslag<\/h2>\n\n\n\n<div class=\"wp-block-group has-global-padding is-layout-constrained wp-block-group-is-layout-constrained\">\n<h3 class=\"wp-block-heading\">Dagsavisen<\/h3>\n\n\n\n<h4 class=\"wp-block-heading\">Papiravis- og nettartikkel<\/h4>\n\n\n\n<h5 class=\"wp-block-heading\">\u00abD\u00e5rlig stemning\u00bb p\u00e5 Nasjonalbiblioteket<\/h5>\n\n\n\n<figure class=\"wp-block-image size-large\"><img loading=\"lazy\" decoding=\"async\" width=\"1024\" height=\"752\" src=\"https:\/\/morkemeditasjoner.no\/wp-content\/uploads\/2023\/05\/IMG_9479-1024x752.jpeg\" alt=\"\" class=\"wp-image-2173\" srcset=\"https:\/\/morkemeditasjoner.no\/wp-content\/uploads\/2023\/05\/IMG_9479-1024x752.jpeg 1024w, https:\/\/morkemeditasjoner.no\/wp-content\/uploads\/2023\/05\/IMG_9479-300x220.jpeg 300w, https:\/\/morkemeditasjoner.no\/wp-content\/uploads\/2023\/05\/IMG_9479-768x564.jpeg 768w, https:\/\/morkemeditasjoner.no\/wp-content\/uploads\/2023\/05\/IMG_9479.jpeg 1440w\" sizes=\"auto, (max-width: 1024px) 100vw, 1024px\" \/><\/figure>\n\n\n\n<ul class=\"wp-block-list\">\n<li>Journalist: Geir Rakvaag<\/li>\n\n\n\n<li>Publisert: 29.03.2023 (nett) \/ 01.04.2023 (papir)<\/li>\n\n\n\n<li>Artikkelen: <a href=\"https:\/\/www.dagsavisen.no\/kultur\/2023\/03\/29\/utstilling-om-norsk-svartmetall-darlig-stemning-pa-nasjonalbiblioteket\/\">https:\/\/www.dagsavisen.no\/kultur\/2023\/03\/29\/utstilling-om-norsk-svartmetall-darlig-stemning-pa-nasjonalbiblioteket\/<\/a> (krever abonnement)<\/li>\n<\/ul>\n\n\n\n<p>Artikkelen er i hovedsak om utstillingen \u00abD\u00e5rlig stemning\u00bb p\u00e5 Nasjonalbiblioteket, men nevner p\u00e5 slutten ogs\u00e5 boken min i positive ordelag.<\/p>\n\n\n\n<figure class=\"wp-block-image size-large\"><img loading=\"lazy\" decoding=\"async\" width=\"1024\" height=\"797\" src=\"https:\/\/morkemeditasjoner.no\/wp-content\/uploads\/2023\/05\/Skjermbilde-2023-05-27-kl.-08.27.13-1024x797.png\" alt=\"\" class=\"wp-image-2175\" srcset=\"https:\/\/morkemeditasjoner.no\/wp-content\/uploads\/2023\/05\/Skjermbilde-2023-05-27-kl.-08.27.13-1024x797.png 1024w, https:\/\/morkemeditasjoner.no\/wp-content\/uploads\/2023\/05\/Skjermbilde-2023-05-27-kl.-08.27.13-300x234.png 300w, https:\/\/morkemeditasjoner.no\/wp-content\/uploads\/2023\/05\/Skjermbilde-2023-05-27-kl.-08.27.13-768x598.png 768w, https:\/\/morkemeditasjoner.no\/wp-content\/uploads\/2023\/05\/Skjermbilde-2023-05-27-kl.-08.27.13.png 1428w\" sizes=\"auto, (max-width: 1024px) 100vw, 1024px\" \/><\/figure>\n<\/div>\n\n\n\n<div class=\"wp-block-group has-global-padding is-layout-constrained wp-block-group-is-layout-constrained\">\n<div class=\"wp-block-group has-global-padding is-layout-constrained wp-block-group-is-layout-constrained\">\n<h3 class=\"wp-block-heading\">NTB<\/h3>\n\n\n\n<h4 class=\"wp-block-heading\">Nyhetssak<\/h4>\n\n\n\n<h5 class=\"wp-block-heading\"><strong><strong>D\u00e5rlig stemning p\u00e5 Nasjonalbiblioteket<\/strong><\/strong><\/h5>\n\n\n\n<ul class=\"wp-block-list\">\n<li>Journalist: Veronica Karlsen<\/li>\n\n\n\n<li>Publisert: 01.03.2023<\/li>\n<\/ul>\n\n\n\n<h4 class=\"wp-block-heading\">Nyhetssak<\/h4>\n\n\n\n<h5 class=\"wp-block-heading\"><strong>Nasjonalbiblioteket med ny bok om svartmetall<\/strong><\/h5>\n\n\n\n<ul class=\"wp-block-list\">\n<li>Journalist: Gitte Johannessen<\/li>\n\n\n\n<li>Publisert: 31.03.2023<\/li>\n<\/ul>\n\n\n\n<h4 class=\"wp-block-heading\">Nyhetssak<\/h4>\n\n\n\n<h5 class=\"wp-block-heading\"><strong>Hva er det egentlig med skauen og norske svartmetallere?<\/strong><\/h5>\n\n\n\n<figure class=\"wp-block-image size-large\"><img loading=\"lazy\" decoding=\"async\" width=\"1024\" height=\"734\" src=\"https:\/\/morkemeditasjoner.no\/wp-content\/uploads\/2023\/05\/ba_28042023-1024x734.png\" alt=\"\" class=\"wp-image-3010\" srcset=\"https:\/\/morkemeditasjoner.no\/wp-content\/uploads\/2023\/05\/ba_28042023-1024x734.png 1024w, https:\/\/morkemeditasjoner.no\/wp-content\/uploads\/2023\/05\/ba_28042023-300x215.png 300w, https:\/\/morkemeditasjoner.no\/wp-content\/uploads\/2023\/05\/ba_28042023-768x550.png 768w, https:\/\/morkemeditasjoner.no\/wp-content\/uploads\/2023\/05\/ba_28042023-1536x1100.png 1536w, https:\/\/morkemeditasjoner.no\/wp-content\/uploads\/2023\/05\/ba_28042023-2048x1467.png 2048w\" sizes=\"auto, (max-width: 1024px) 100vw, 1024px\" \/><\/figure>\n\n\n\n<ul class=\"wp-block-list\">\n<li>Journalist: Gitte Johannessen<\/li>\n\n\n\n<li>Publisert: 18.04.2023<\/li>\n<\/ul>\n\n\n\n<p>Jeg hadde en samtale med journalist Gitte Johannessen p\u00e5 Teams som resulterte i en lengre NTB-sak.<\/p>\n<\/div>\n<\/div>\n\n\n\n<h3 class=\"wp-block-heading\">Samtiden<\/h3>\n\n\n\n<h4 class=\"wp-block-heading\">Nettartikkel<\/h4>\n\n\n\n<h5 class=\"wp-block-heading\">\u2013 Denne m\u00e5ten \u00e5 se p\u00e5 kulturhistorien p\u00e5 synes jeg er spennende<\/h5>\n\n\n\n<figure class=\"wp-block-image size-large\"><img loading=\"lazy\" decoding=\"async\" width=\"988\" height=\"1024\" src=\"https:\/\/morkemeditasjoner.no\/wp-content\/uploads\/2024\/03\/Skjermbilde-2024-03-11-kl.-22.56.42-988x1024.png\" alt=\"\" class=\"wp-image-2471\" srcset=\"https:\/\/morkemeditasjoner.no\/wp-content\/uploads\/2024\/03\/Skjermbilde-2024-03-11-kl.-22.56.42-988x1024.png 988w, https:\/\/morkemeditasjoner.no\/wp-content\/uploads\/2024\/03\/Skjermbilde-2024-03-11-kl.-22.56.42-290x300.png 290w, https:\/\/morkemeditasjoner.no\/wp-content\/uploads\/2024\/03\/Skjermbilde-2024-03-11-kl.-22.56.42-768x796.png 768w, https:\/\/morkemeditasjoner.no\/wp-content\/uploads\/2024\/03\/Skjermbilde-2024-03-11-kl.-22.56.42.png 1253w\" sizes=\"auto, (max-width: 988px) 100vw, 988px\" \/><\/figure>\n\n\n\n<ul class=\"wp-block-list\">\n<li>Journalist: NTB\/Samtiden<\/li>\n\n\n\n<li>Publisert: 18.04.2023<\/li>\n\n\n\n<li>Artikelen: <a href=\"https:\/\/samtiden.no\/notiser\/2023\/denne-maten-se-pa-kulturhistorien-pa-synes-jeg-er-spennende\">https:\/\/samtiden.no\/notiser\/2023\/denne-maten-se-pa-kulturhistorien-pa-synes-jeg-er-spennende<\/a><\/li>\n<\/ul>\n\n\n\n<div class=\"wp-block-group has-global-padding is-layout-constrained wp-block-group-is-layout-constrained\">\n<h3 class=\"wp-block-heading\">Tidens \u00e5nd<\/h3>\n\n\n\n<h4 class=\"wp-block-heading\">Nettartikkel<\/h4>\n\n\n\n<h5 class=\"wp-block-heading\">Nasjonalromantisk raseri<\/h5>\n\n\n\n<figure class=\"wp-block-image size-large\"><img loading=\"lazy\" decoding=\"async\" width=\"1822\" height=\"1822\" src=\"https:\/\/morkemeditasjoner.no\/wp-content\/uploads\/2023\/05\/Skjermbilde-2023-05-26-kl.-15.44.51-edited.png\" alt=\"\" class=\"wp-image-2157\" srcset=\"https:\/\/morkemeditasjoner.no\/wp-content\/uploads\/2023\/05\/Skjermbilde-2023-05-26-kl.-15.44.51-edited.png 1822w, https:\/\/morkemeditasjoner.no\/wp-content\/uploads\/2023\/05\/Skjermbilde-2023-05-26-kl.-15.44.51-edited-300x300.png 300w, https:\/\/morkemeditasjoner.no\/wp-content\/uploads\/2023\/05\/Skjermbilde-2023-05-26-kl.-15.44.51-edited-1024x1024.png 1024w, https:\/\/morkemeditasjoner.no\/wp-content\/uploads\/2023\/05\/Skjermbilde-2023-05-26-kl.-15.44.51-edited-150x150.png 150w, https:\/\/morkemeditasjoner.no\/wp-content\/uploads\/2023\/05\/Skjermbilde-2023-05-26-kl.-15.44.51-edited-768x768.png 768w, https:\/\/morkemeditasjoner.no\/wp-content\/uploads\/2023\/05\/Skjermbilde-2023-05-26-kl.-15.44.51-edited-1536x1536.png 1536w\" sizes=\"auto, (max-width: 1822px) 100vw, 1822px\" \/><\/figure>\n\n\n\n<ul class=\"wp-block-list\">\n<li>Journalist: Audun Vinger<\/li>\n\n\n\n<li>Publisert: 19.04.2023<\/li>\n\n\n\n<li>Artikkelen: <a href=\"https:\/\/tidensand.no\/nasjonalromantisk-raseri\">https:\/\/tidensand.no\/nasjonalromantisk-raseri<\/a> (krever abonnement)<\/li>\n<\/ul>\n\n\n\n<p>Intervjuet er gjort tekstlig, noe som gjorde at jeg kunne g\u00e5 litt mer i dybden av stoffet. Her er et kort sitat fra Vingers innledende tekst:<\/p>\n\n\n\n<blockquote class=\"wp-block-quote is-layout-flow wp-block-quote-is-layout-flow\">\n<p>Som en del av opplegget finner vi ogs\u00e5 den ganske vakre papirbokutgivelsen Sn\u00f8 og granskog &#8211; Spr\u00e5k, ideologi og nasjonalromantisk raseri i norsk svartmetall, skrevet av Helge Kaasin. Han er forfatter og filosof, og st\u00e5r bak NRK-radioprogrammet M\u00f8rke meditasjoner, som ogs\u00e5 hadde denne filosofiske inngangen til en musikksjanger som mange har avfeid som overskridelser, men som fortsatt har stor betydning, og som er i utvikling. Han g\u00e5r usedvanlig grundig til verks i n\u00e6rlesninger av en rekke tekster (det krever sin mann \u00e5 h\u00f8re etter p\u00e5 alle disse tekstene, eller?), og mer enn bare oppvekstens gore-filmer og heavyrockmagasiner, har han funnet frem til Tarjei Vesaas, Hans B\u00f8rli og store deler av tidlig norsk historie.<\/p>\n<cite>Audun Vinger, <em>Tidens \u00e5nd<\/em><\/cite><\/blockquote>\n<\/div>\n\n\n\n<div class=\"wp-block-group has-global-padding is-layout-constrained wp-block-group-is-layout-constrained\">\n<h3 class=\"wp-block-heading\">Morgenbladet<\/h3>\n\n\n\n<h4 class=\"wp-block-heading\">Nettartikkel<\/h4>\n\n\n\n<h5 class=\"wp-block-heading\">Onde skrik fra norskpensum: \u2013 Man ville putte noen alver inn i den virkelige verden ogs\u00e5<\/h5>\n\n\n\n<figure class=\"wp-block-image size-large\"><img loading=\"lazy\" decoding=\"async\" width=\"1990\" height=\"1988\" src=\"https:\/\/morkemeditasjoner.no\/wp-content\/uploads\/2023\/05\/Skjermbilde-2023-05-26-kl.-22.03.04-edited.png\" alt=\"\" class=\"wp-image-2156\" srcset=\"https:\/\/morkemeditasjoner.no\/wp-content\/uploads\/2023\/05\/Skjermbilde-2023-05-26-kl.-22.03.04-edited.png 1990w, https:\/\/morkemeditasjoner.no\/wp-content\/uploads\/2023\/05\/Skjermbilde-2023-05-26-kl.-22.03.04-edited-300x300.png 300w, https:\/\/morkemeditasjoner.no\/wp-content\/uploads\/2023\/05\/Skjermbilde-2023-05-26-kl.-22.03.04-edited-1024x1024.png 1024w, https:\/\/morkemeditasjoner.no\/wp-content\/uploads\/2023\/05\/Skjermbilde-2023-05-26-kl.-22.03.04-edited-150x150.png 150w, https:\/\/morkemeditasjoner.no\/wp-content\/uploads\/2023\/05\/Skjermbilde-2023-05-26-kl.-22.03.04-edited-768x767.png 768w, https:\/\/morkemeditasjoner.no\/wp-content\/uploads\/2023\/05\/Skjermbilde-2023-05-26-kl.-22.03.04-edited-1536x1534.png 1536w\" sizes=\"auto, (max-width: 1990px) 100vw, 1990px\" \/><\/figure>\n\n\n\n<ul class=\"wp-block-list\">\n<li>Journalist: Pelle Bamle<\/li>\n\n\n\n<li>Fotograf: Odin Dr\u00f8nen<\/li>\n\n\n\n<li>Publisert: 23.04.2023<\/li>\n\n\n\n<li>Artikkelen: <a href=\"https:\/\/www.morgenbladet.no\/kultur\/2023\/04\/23\/onde-skrik-fra-norskpensum-man-ville-putte-noen-alver-inn-i-den-virkelige-verden-ogsa\/\">https:\/\/www.morgenbladet.no\/kultur\/2023\/04\/23\/onde-skrik-fra-norskpensum-man-ville-putte-noen-alver-inn-i-den-virkelige-verden-ogsa\/<\/a><\/li>\n<\/ul>\n\n\n\n<p>Jeg m\u00f8tte journalist Pelle Bamle og fotograf Odin Dr\u00f8nen fra Morgenbladet i NRKs hovedkontor p\u00e5 Marienlyst, og vi satte oss i messa for en lunsj med prat. Det var riktig hyggelig. Etterp\u00e5 tr\u00e5let vi Marienlyst-omr\u00e5det etter passende steder \u00e5 ta fotografier, spesielt med tr\u00e6r i bakgrunnen.<\/p>\n\n\n\n<p>I etterkant av intervjuet hadde vi noen diskusjoner om noen uttalelser jeg ikke var helt forn\u00f8yd med, men Pelle var im\u00f8tekommende og vi kom til enighet.<\/p>\n<\/div>\n\n\n\n<div class=\"wp-block-group has-global-padding is-layout-constrained wp-block-group-is-layout-constrained\">\n<h3 class=\"wp-block-heading\">NRK.no<\/h3>\n\n\n\n<h4 class=\"wp-block-heading\">Nettartikkel<\/h4>\n\n\n\n<h5 class=\"wp-block-heading\">Skogen og svartmetallen<\/h5>\n\n\n\n<figure class=\"wp-block-image size-large\"><img loading=\"lazy\" decoding=\"async\" width=\"1024\" height=\"605\" src=\"https:\/\/morkemeditasjoner.no\/wp-content\/uploads\/2023\/05\/Skjermbilde-2023-05-26-kl.-15.49.31-1024x605.png\" alt=\"\" class=\"wp-image-2138\" srcset=\"https:\/\/morkemeditasjoner.no\/wp-content\/uploads\/2023\/05\/Skjermbilde-2023-05-26-kl.-15.49.31-1024x605.png 1024w, https:\/\/morkemeditasjoner.no\/wp-content\/uploads\/2023\/05\/Skjermbilde-2023-05-26-kl.-15.49.31-300x177.png 300w, https:\/\/morkemeditasjoner.no\/wp-content\/uploads\/2023\/05\/Skjermbilde-2023-05-26-kl.-15.49.31-768x454.png 768w, https:\/\/morkemeditasjoner.no\/wp-content\/uploads\/2023\/05\/Skjermbilde-2023-05-26-kl.-15.49.31-1536x908.png 1536w, https:\/\/morkemeditasjoner.no\/wp-content\/uploads\/2023\/05\/Skjermbilde-2023-05-26-kl.-15.49.31-2048x1210.png 2048w\" sizes=\"auto, (max-width: 1024px) 100vw, 1024px\" \/><\/figure>\n\n\n\n<ul class=\"wp-block-list\">\n<li>Journalist: Oddvin Aune<\/li>\n\n\n\n<li>Fotograf: Xin Li<\/li>\n\n\n\n<li>Publisert: 07.05.2023<\/li>\n\n\n\n<li>Artikkelen: <a href=\"https:\/\/www.nrk.no\/kultur\/xl\/skogen-og-svartmetallen-1.16394256\">https:\/\/www.nrk.no\/kultur\/xl\/skogen-og-svartmetallen-1.16394256<\/a><\/li>\n<\/ul>\n\n\n\n<p>Saken er meget visuell og i hovedsak basert p\u00e5 bilder. Den ser litt overordnet p\u00e5 forholdet svartmetallen har til skogen og er basert p\u00e5 en prat Oddvin Aune og jeg hadde i messa i NRKs hovedkontor p\u00e5 Marienlyst.<\/p>\n\n\n\n<figure class=\"wp-block-image size-large\"><img loading=\"lazy\" decoding=\"async\" width=\"1024\" height=\"605\" src=\"https:\/\/morkemeditasjoner.no\/wp-content\/uploads\/2023\/05\/Skjermbilde-2023-05-25-kl.-22.29.45-1024x605.png\" alt=\"\" class=\"wp-image-2140\" srcset=\"https:\/\/morkemeditasjoner.no\/wp-content\/uploads\/2023\/05\/Skjermbilde-2023-05-25-kl.-22.29.45-1024x605.png 1024w, https:\/\/morkemeditasjoner.no\/wp-content\/uploads\/2023\/05\/Skjermbilde-2023-05-25-kl.-22.29.45-300x177.png 300w, https:\/\/morkemeditasjoner.no\/wp-content\/uploads\/2023\/05\/Skjermbilde-2023-05-25-kl.-22.29.45-768x454.png 768w, https:\/\/morkemeditasjoner.no\/wp-content\/uploads\/2023\/05\/Skjermbilde-2023-05-25-kl.-22.29.45-1536x908.png 1536w, https:\/\/morkemeditasjoner.no\/wp-content\/uploads\/2023\/05\/Skjermbilde-2023-05-25-kl.-22.29.45-2048x1210.png 2048w\" sizes=\"auto, (max-width: 1024px) 100vw, 1024px\" \/><\/figure>\n\n\n\n<p>Saken l\u00e5 p\u00e5 forsiden av NRK.no en stund og ble godt bes\u00f8kt. Over 85.000 unike brukere har v\u00e6rt innom saken, og over 70.000 av dem valgte \u00e5 bruke tid p\u00e5 saken.<\/p>\n\n\n\n<figure class=\"wp-block-image size-large\"><img loading=\"lazy\" decoding=\"async\" width=\"1024\" height=\"894\" src=\"https:\/\/morkemeditasjoner.no\/wp-content\/uploads\/2023\/05\/Skjermbilde-2023-05-25-kl.-22.28.22-1024x894.png\" alt=\"\" class=\"wp-image-2142\" srcset=\"https:\/\/morkemeditasjoner.no\/wp-content\/uploads\/2023\/05\/Skjermbilde-2023-05-25-kl.-22.28.22-1024x894.png 1024w, https:\/\/morkemeditasjoner.no\/wp-content\/uploads\/2023\/05\/Skjermbilde-2023-05-25-kl.-22.28.22-300x262.png 300w, https:\/\/morkemeditasjoner.no\/wp-content\/uploads\/2023\/05\/Skjermbilde-2023-05-25-kl.-22.28.22-768x671.png 768w, https:\/\/morkemeditasjoner.no\/wp-content\/uploads\/2023\/05\/Skjermbilde-2023-05-25-kl.-22.28.22-1536x1341.png 1536w, https:\/\/morkemeditasjoner.no\/wp-content\/uploads\/2023\/05\/Skjermbilde-2023-05-25-kl.-22.28.22-2048x1788.png 2048w\" sizes=\"auto, (max-width: 1024px) 100vw, 1024px\" \/><\/figure>\n<\/div>\n\n\n\n<h2 class=\"wp-block-heading\">Radio<\/h2>\n\n\n\n<h3 class=\"wp-block-heading\">NRK Radio<\/h3>\n\n\n\n<h4 class=\"wp-block-heading\">Kompass (NRK P2)<\/h4>\n\n\n\n<h5 class=\"wp-block-heading\">Nasjonalromantisk raserI i svartmetall<\/h5>\n\n\n\n<ul class=\"wp-block-list\">\n<li>Programleder: P\u00e5l Plassen<\/li>\n\n\n\n<li>Gjester: Thomas Alk\u00e4rr, Helge Kaasin<\/li>\n\n\n\n<li>Sendt: 17.04.2023<\/li>\n\n\n\n<li>Radiosendingen: <a href=\"https:\/\/radio.nrk.no\/serie\/kompass\/sesong\/202304\/DMTL36407023#t=35m46s\">https:\/\/radio.nrk.no\/serie\/kompass\/sesong\/202304\/DMTL36407023#t=35m46s<\/a><\/li>\n<\/ul>\n\n\n\n<p>Mandag 17.04.23 m\u00f8tte jeg opp sammen med Thomas Alk\u00e4rr \u2013 kurator for Nasjonalbibliotekets utstilling \u00abD\u00e5rlig stemning\u00bb \u2013 i fjernsynsresepsjonen p\u00e5 NRKs hovedkontor p\u00e5 Marienlyst. Jeg kjenner Thomas litt fra f\u00f8r etter arbeidet med NRKs serie om svartmetall \u00abHelvete\u00bb, og som tidligere NRK-kollega. Vi ble m\u00f8tt av en som guidet oss opp til et studio hvor vi satt p\u00e5 direkten under sendingen av Kompass. Dette radioprogrammet sendes fra Tyholt i Trondheim, s\u00e5 vi hadde kun kontakt med programleder P\u00e5l Plassen via h\u00f8retelefoner. Thomas og jeg st\u00f8ttet hverandre og vi fikk til en fin prat, om enn kort og overfladisk.<\/p>\n\n\n\n<h4 class=\"wp-block-heading\">Studio 2 (NRK P2)<\/h4>\n\n\n\n<h5 class=\"wp-block-heading\">Svartmetall og nasjonalromantikk<\/h5>\n\n\n\n<ul class=\"wp-block-list\">\n<li>Programleder: Kristian Bendiksen<\/li>\n\n\n\n<li>Gjest: Helge Kaasin<\/li>\n\n\n\n<li>Sendt: 20.04.2023<\/li>\n\n\n\n<li>Radiosendingen: <a href=\"https:\/\/radio.nrk.no\/serie\/studio-2-p2\/sesong\/202304\/MKAK02007923#t=2h6m1s\">https:\/\/radio.nrk.no\/serie\/studio-2-p2\/sesong\/202304\/MKAK02007923#t=2h6m1s<\/a><\/li>\n<\/ul>\n\n\n\n<p>Jeg hadde ikke tid til \u00e5 v\u00e6re med p\u00e5 direkten, s\u00e5 programleder Kristian Bendiksen og jeg m\u00f8ttes tirsdag ettermiddag f\u00f8r sending torsdag for \u00e5 spille inn en samtale om boken min og norsk svartmetall. Det ble en hyggelig samtale, og jeg fikk litt rom til \u00e5 g\u00e5 litt mer i dybden. Selv om dette ikke var direktesending s\u00e5 ble det kun \u00e9n tagning. Da blir det som oftest mest naturlig.<\/p>\n\n\n\n<h4 class=\"wp-block-heading\">Musikklivet (NRK P2)<\/h4>\n\n\n\n<h5 class=\"wp-block-heading\">Skogens viktige plass i svartmetallen<\/h5>\n\n\n\n<ul class=\"wp-block-list\">\n<li>Programleder: Paul Arvid J\u00f8rgensen<\/li>\n\n\n\n<li>Gjest: Helge Kaasin<\/li>\n\n\n\n<li>Sendt: 29.04.2023<\/li>\n\n\n\n<li>Radiosendingen: <a href=\"https:\/\/radio.nrk.no\/serie\/musikklivet\/sesong\/202304\/MKMU75001823#t=8m18s\">https:\/\/radio.nrk.no\/serie\/musikklivet\/sesong\/202304\/MKMU75001823#t=8m18s<\/a><\/li>\n<\/ul>\n\n\n\n<p>\u00c5 f\u00e5 snakke med Paul Arvid J\u00f8rgensen p\u00e5 radio er som \u00e5 komme hjem. Det var han som var produsent p\u00e5 alle de 32 episodene med M\u00f8rke meditasjoner vi laget for NRK P2, og jeg har mye \u00e5 takke han for. Vi m\u00f8ttes kl. 08.00 fredag morgen. Alt i Musikklivet er innspilt p\u00e5 forh\u00e5nd og redigeres av Paul p\u00e5 fredager f\u00f8r sending l\u00f8rdag. Det var satt av god tid og vi fikk dypdykket en del i stoffet i en jovial og fin tone. Dette ble absolutt det beste av intervjuene synes jeg. F\u00e5 tagninger ble det ogs\u00e5. <\/p>\n\n\n\n<h2 class=\"wp-block-heading\">Arrangementer<\/h2>\n\n\n\n<h3 class=\"wp-block-heading\">Nasjonalbiblioteket<\/h3>\n\n\n\n<h4 class=\"wp-block-heading\">Panelsamtale<\/h4>\n\n\n\n<h5 class=\"wp-block-heading\">Ti\u00e5ret d\u00e5 det svartna. Om Noreg, 90-talet og svartmetall<\/h5>\n\n\n\n<figure class=\"wp-block-image size-large\"><img loading=\"lazy\" decoding=\"async\" width=\"1024\" height=\"705\" src=\"https:\/\/morkemeditasjoner.no\/wp-content\/uploads\/2023\/05\/Skjermbilde-2023-05-26-kl.-22.53.43-1024x705.png\" alt=\"\" class=\"wp-image-2166\" srcset=\"https:\/\/morkemeditasjoner.no\/wp-content\/uploads\/2023\/05\/Skjermbilde-2023-05-26-kl.-22.53.43-1024x705.png 1024w, https:\/\/morkemeditasjoner.no\/wp-content\/uploads\/2023\/05\/Skjermbilde-2023-05-26-kl.-22.53.43-300x207.png 300w, https:\/\/morkemeditasjoner.no\/wp-content\/uploads\/2023\/05\/Skjermbilde-2023-05-26-kl.-22.53.43-768x529.png 768w, https:\/\/morkemeditasjoner.no\/wp-content\/uploads\/2023\/05\/Skjermbilde-2023-05-26-kl.-22.53.43-1536x1058.png 1536w, https:\/\/morkemeditasjoner.no\/wp-content\/uploads\/2023\/05\/Skjermbilde-2023-05-26-kl.-22.53.43.png 1870w\" sizes=\"auto, (max-width: 1024px) 100vw, 1024px\" \/><\/figure>\n\n\n\n<ul class=\"wp-block-list\">\n<li>Ordstyrer: Audun Vinger<\/li>\n\n\n\n<li>I panelet: Kjetil Manheim, Nazneen Kahn-\u00d8strem, Helge Kaasin<\/li>\n\n\n\n<li>Arrangementsdato: 15.04.2023<\/li>\n\n\n\n<li>Sted: M\u00e5lstova, Nasjonalbiblioteket<\/li>\n\n\n\n<li>Arrangementet: <a href=\"https:\/\/www.nb.no\/historier-fra-samlingen\/tiaret-da-det-svartna-om-noreg-90-talet-og-svartmetall\/\">https:\/\/www.nb.no\/historier-fra-samlingen\/tiaret-da-det-svartna-om-noreg-90-talet-og-svartmetall\/<\/a><\/li>\n<\/ul>\n\n\n\n<figure class=\"wp-block-image size-full\"><img loading=\"lazy\" decoding=\"async\" width=\"949\" height=\"550\" src=\"https:\/\/morkemeditasjoner.no\/wp-content\/uploads\/2023\/05\/i-fd697dfa-0f9f-4442-b979-c5089f20a145.png\" alt=\"\" class=\"wp-image-2150\" srcset=\"https:\/\/morkemeditasjoner.no\/wp-content\/uploads\/2023\/05\/i-fd697dfa-0f9f-4442-b979-c5089f20a145.png 949w, https:\/\/morkemeditasjoner.no\/wp-content\/uploads\/2023\/05\/i-fd697dfa-0f9f-4442-b979-c5089f20a145-300x174.png 300w, https:\/\/morkemeditasjoner.no\/wp-content\/uploads\/2023\/05\/i-fd697dfa-0f9f-4442-b979-c5089f20a145-768x445.png 768w\" sizes=\"auto, (max-width: 949px) 100vw, 949px\" \/><figcaption class=\"wp-element-caption\">Foto: Nasjonalbiblioteket<\/figcaption><\/figure>\n\n\n\n<p>L\u00f8rdag den 15. april kl. 13.00\u201314.00 i M\u00e5lstova p\u00e5 Nasjonalbiblioteket, samme dag som boken kom ut, var det panelsamtale med tidligere Mayhem-trommeslager Kjetil Manheim, kulturjournalist Nazneen Kahn-\u00d8strem og meg, meget godt ledet av kulturjournalist Audun Vinger. I timen f\u00f8r holdt&nbsp;Harald Fossberg festtale til svartmetalleren. Det hele var et veldig hyggelig arrangement, med god stemning og latter b\u00e5de p\u00e5 scenen og i salen. Vi fikk gode tilbakemeldinger om en interessant prat i etterkant av et stort publikum p\u00e5 rundt 100 stykker som fylte salen.<\/p>\n\n\n\n<figure class=\"wp-block-image size-large\"><img loading=\"lazy\" decoding=\"async\" width=\"1024\" height=\"766\" src=\"https:\/\/morkemeditasjoner.no\/wp-content\/uploads\/2023\/05\/IMG_9578-1024x766.jpeg\" alt=\"\" class=\"wp-image-2180\" srcset=\"https:\/\/morkemeditasjoner.no\/wp-content\/uploads\/2023\/05\/IMG_9578-1024x766.jpeg 1024w, https:\/\/morkemeditasjoner.no\/wp-content\/uploads\/2023\/05\/IMG_9578-300x224.jpeg 300w, https:\/\/morkemeditasjoner.no\/wp-content\/uploads\/2023\/05\/IMG_9578-768x575.jpeg 768w, https:\/\/morkemeditasjoner.no\/wp-content\/uploads\/2023\/05\/IMG_9578-1536x1149.jpeg 1536w, https:\/\/morkemeditasjoner.no\/wp-content\/uploads\/2023\/05\/IMG_9578.jpeg 2048w\" sizes=\"auto, (max-width: 1024px) 100vw, 1024px\" \/><figcaption class=\"wp-element-caption\">Foto: Ukjent.<\/figcaption><\/figure>\n\n\n\n<p>Panelsamtalen ble str\u00f8mmet: <a href=\"https:\/\/cdn.flowplayer.com\/efa53a93-675c-45ec-b4d1-2a7329e6ac66\/hls\/51157d8a-58ea-4bb3-b4c7-96dbb1bccebb\/playlist.m3u8\">Ti\u00e5ret d\u00e5 det svartna<\/a>.<\/p>\n\n\n\n<p>Instagram-post fra Nasjonalbiblioteket: <a href=\"https:\/\/www.instagram.com\/p\/CrKnMrzoc9K\/?utm_source=ig_web_copy_link&amp;igshid=MzRlODBiNWFlZA==\">https:\/\/www.instagram.com\/p\/CrKnMrzoc9K\/?utm_source=ig_web_copy_link&amp;igshid=MzRlODBiNWFlZA==<\/a>.<\/p>\n\n\n\n<h4 class=\"wp-block-heading\">Bokbad<\/h4>\n\n\n\n<h5 class=\"wp-block-heading\">Svartmetall og nasjonalromantisk raseri.\u202fBokbad med Helge Kaasin<\/h5>\n\n\n\n<figure class=\"wp-block-image size-large\"><img loading=\"lazy\" decoding=\"async\" width=\"1018\" height=\"1024\" src=\"https:\/\/morkemeditasjoner.no\/wp-content\/uploads\/2023\/05\/Skjermbilde-2023-05-26-kl.-22.50.14-1018x1024.png\" alt=\"\" class=\"wp-image-2163\" srcset=\"https:\/\/morkemeditasjoner.no\/wp-content\/uploads\/2023\/05\/Skjermbilde-2023-05-26-kl.-22.50.14-1018x1024.png 1018w, https:\/\/morkemeditasjoner.no\/wp-content\/uploads\/2023\/05\/Skjermbilde-2023-05-26-kl.-22.50.14-298x300.png 298w, https:\/\/morkemeditasjoner.no\/wp-content\/uploads\/2023\/05\/Skjermbilde-2023-05-26-kl.-22.50.14-150x150.png 150w, https:\/\/morkemeditasjoner.no\/wp-content\/uploads\/2023\/05\/Skjermbilde-2023-05-26-kl.-22.50.14-768x773.png 768w, https:\/\/morkemeditasjoner.no\/wp-content\/uploads\/2023\/05\/Skjermbilde-2023-05-26-kl.-22.50.14-1527x1536.png 1527w, https:\/\/morkemeditasjoner.no\/wp-content\/uploads\/2023\/05\/Skjermbilde-2023-05-26-kl.-22.50.14.png 1942w\" sizes=\"auto, (max-width: 1018px) 100vw, 1018px\" \/><\/figure>\n\n\n\n<ul class=\"wp-block-list\">\n<li>Ordstyrer: Ida Pallin Bostadl\u00f8kken<\/li>\n\n\n\n<li>Gjest: Helge Kaasin<\/li>\n\n\n\n<li>Arrangementsdato: 19.04.2023<\/li>\n\n\n\n<li>Sted: M\u00e5lstova, Nasjonalbiblioteket<\/li>\n\n\n\n<li>Arrangementet: <a href=\"https:\/\/www.nb.no\/hva-skjer\/svartmetall-og-nasjonalromantisk-raseri-bokbad-med-helge-kaasin\/\">https:\/\/www.nb.no\/hva-skjer\/svartmetall-og-nasjonalromantisk-raseri-bokbad-med-helge-kaasin\/<\/a><\/li>\n<\/ul>\n\n\n\n<p>I og med at panelsamtalen ble s\u00e5 suksessrik satte Nasjonalbiblioteket opp et eget bokbad med meg onsdag den 19. april kl. 19.00\u201320.00, nok en gang i M\u00e5lstova i Nasjonalbiblioteket. Denne kvelden var det et str\u00e5lende v\u00e6r, s\u00e5 man forventet f\u00e6rre publikummere enn sist, men det dukket da opp ca. 50\u201360 mennesker.<\/p>\n\n\n\n<p>Det var arrangementsansvarlig ved Nasjonalbiblioteket Ida Pallin Bostadl\u00f8kken som ledet samtalen p\u00e5 en str\u00e5lende m\u00e5te, og vi fikk gode tilbakemeldinger i etterkant. Da var det nemlig tid for boksignering. Jeg hadde flere hyggelige samtaler med folk som kj\u00f8pte boken og ville ha den signert.<\/p>\n\n\n\n<p>Samtalen ble spilt inn som podkast: <a href=\"https:\/\/shows.acast.com\/5e37dfbaa57df3fd4a83e11e\/64412b1ed18c1300112b38e7\">Svartmetall og nasjonalromantisk raseri. Bokbad med Helge Kaasin<\/a>.<\/p>\n\n\n\n<h3 class=\"wp-block-heading\">Litteraturhuset i Oslo<\/h3>\n\n\n\n<h4 class=\"wp-block-heading\">Foredrag<\/h4>\n\n\n\n<h5 class=\"wp-block-heading\">Nasjonalromantisk raseri i norsk svartmetall<\/h5>\n\n\n\n<figure class=\"wp-block-image size-large\"><img loading=\"lazy\" decoding=\"async\" width=\"1024\" height=\"758\" src=\"https:\/\/morkemeditasjoner.no\/wp-content\/uploads\/2023\/05\/Skjermbilde-2023-05-26-kl.-22.08.18-1024x758.png\" alt=\"\" class=\"wp-image-2158\" srcset=\"https:\/\/morkemeditasjoner.no\/wp-content\/uploads\/2023\/05\/Skjermbilde-2023-05-26-kl.-22.08.18-1024x758.png 1024w, https:\/\/morkemeditasjoner.no\/wp-content\/uploads\/2023\/05\/Skjermbilde-2023-05-26-kl.-22.08.18-300x222.png 300w, https:\/\/morkemeditasjoner.no\/wp-content\/uploads\/2023\/05\/Skjermbilde-2023-05-26-kl.-22.08.18-768x569.png 768w, https:\/\/morkemeditasjoner.no\/wp-content\/uploads\/2023\/05\/Skjermbilde-2023-05-26-kl.-22.08.18-1536x1137.png 1536w, https:\/\/morkemeditasjoner.no\/wp-content\/uploads\/2023\/05\/Skjermbilde-2023-05-26-kl.-22.08.18-2048x1516.png 2048w\" sizes=\"auto, (max-width: 1024px) 100vw, 1024px\" \/><\/figure>\n\n\n\n<ul class=\"wp-block-list\">\n<li>Foredrag: <em>Den rasende nasjonalromantikeren<\/em><\/li>\n\n\n\n<li>Foredragsholder: Helge Kaasin<\/li>\n\n\n\n<li>Arrangementsdato: 30.04.2023<\/li>\n\n\n\n<li>Sted: Skram, Litteraturhuset<\/li>\n\n\n\n<li>Arrangementet: <a href=\"https:\/\/litteraturhuset.no\/arrangement\/om-norsk-svartmetalls-ideologi\/\">https:\/\/litteraturhuset.no\/arrangement\/om-norsk-svartmetalls-ideologi\/<\/a><\/li>\n<\/ul>\n\n\n\n<p>S\u00f8ndag 30. april dukket jeg opp p\u00e5 Litteraturhuset i Oslo med en presentasjon p\u00e5 80 bilder og med et manuskript p\u00e5 20 sider for et 50 minutters foredrag jeg kalte <em>Den rasende nasjonalromantikeren<\/em>. Jeg var invitert til institusjonen <em>Saklig s\u00f8ndag<\/em> som Litteraturhuset har holdt g\u00e5ende i flere \u00e5r. Det var dagen f\u00f8r 1. mai, og langhelg, med et str\u00e5lende v\u00e6r i hovedstaden, noe som gjorde at en del f\u00e6rre enn de 80 forh\u00e5ndsp\u00e5meldte dukket opp, men jeg tipper det var rundt 50 stykker i salen. Det var et sv\u00e6rt interessert publikum som stilte en rekke sp\u00f8rsm\u00e5l og kom med kommentarer i etterkant av foredraget.<\/p>\n\n\n\n<figure class=\"wp-block-gallery has-nested-images columns-default is-cropped wp-block-gallery-1 is-layout-flex wp-block-gallery-is-layout-flex\">\n<figure class=\"wp-block-image size-large\"><img loading=\"lazy\" decoding=\"async\" width=\"1024\" height=\"576\" data-id=\"2203\" src=\"https:\/\/morkemeditasjoner.no\/wp-content\/uploads\/2023\/05\/IMG_9634-1-1024x576.jpeg\" alt=\"\" class=\"wp-image-2203\" srcset=\"https:\/\/morkemeditasjoner.no\/wp-content\/uploads\/2023\/05\/IMG_9634-1-1024x576.jpeg 1024w, https:\/\/morkemeditasjoner.no\/wp-content\/uploads\/2023\/05\/IMG_9634-1-300x169.jpeg 300w, https:\/\/morkemeditasjoner.no\/wp-content\/uploads\/2023\/05\/IMG_9634-1-768x432.jpeg 768w, https:\/\/morkemeditasjoner.no\/wp-content\/uploads\/2023\/05\/IMG_9634-1-1536x864.jpeg 1536w, https:\/\/morkemeditasjoner.no\/wp-content\/uploads\/2023\/05\/IMG_9634-1-2048x1152.jpeg 2048w\" sizes=\"auto, (max-width: 1024px) 100vw, 1024px\" \/><figcaption class=\"wp-element-caption\">Stille i salen f\u00f8r start.<\/figcaption><\/figure>\n\n\n\n<figure class=\"wp-block-image size-large\"><img loading=\"lazy\" decoding=\"async\" width=\"1024\" height=\"576\" data-id=\"2204\" src=\"https:\/\/morkemeditasjoner.no\/wp-content\/uploads\/2023\/05\/IMG_9636-1024x576.jpeg\" alt=\"\" class=\"wp-image-2204\" srcset=\"https:\/\/morkemeditasjoner.no\/wp-content\/uploads\/2023\/05\/IMG_9636-1024x576.jpeg 1024w, https:\/\/morkemeditasjoner.no\/wp-content\/uploads\/2023\/05\/IMG_9636-300x169.jpeg 300w, https:\/\/morkemeditasjoner.no\/wp-content\/uploads\/2023\/05\/IMG_9636-768x432.jpeg 768w, https:\/\/morkemeditasjoner.no\/wp-content\/uploads\/2023\/05\/IMG_9636-1536x864.jpeg 1536w, https:\/\/morkemeditasjoner.no\/wp-content\/uploads\/2023\/05\/IMG_9636-2048x1152.jpeg 2048w\" sizes=\"auto, (max-width: 1024px) 100vw, 1024px\" \/><figcaption class=\"wp-element-caption\">Publikum begynner \u00e5 komme inn.<\/figcaption><\/figure>\n<\/figure>\n\n\n\n<h3 class=\"wp-block-heading\">Energim\u00f8lla, Kongsberg<\/h3>\n\n\n\n<h4 class=\"wp-block-heading\">Foredrag<\/h4>\n\n\n\n<ul class=\"wp-block-list\">\n<li>Foredrag: <em>Den rasende nasjonalromantikeren<\/em> (utvidet)<\/li>\n\n\n\n<li>Foredragsholder: Helge Kaasin<\/li>\n\n\n\n<li>Arrangementsdato: 16.09.2023<\/li>\n\n\n\n<li>Sted: Energim\u00f8lla, Kongsberg<\/li>\n\n\n\n<li>Arrangementet: Klubbkveld, Kongsberg Rock og Metall Klubb (<a href=\"https:\/\/krock4.webnode.page\/l\/klubbkveld-med-helge-kaasin\/\">https:\/\/krock4.webnode.page\/l\/klubbkveld-med-helge-kaasin\/<\/a>)<\/li>\n<\/ul>\n\n\n\n<figure class=\"wp-block-image size-large\"><img loading=\"lazy\" decoding=\"async\" width=\"979\" height=\"1024\" src=\"https:\/\/morkemeditasjoner.no\/wp-content\/uploads\/2023\/05\/Skjermbilde-2023-09-15-kl.-11.10.06-979x1024.png\" alt=\"\" class=\"wp-image-3009\" srcset=\"https:\/\/morkemeditasjoner.no\/wp-content\/uploads\/2023\/05\/Skjermbilde-2023-09-15-kl.-11.10.06-979x1024.png 979w, https:\/\/morkemeditasjoner.no\/wp-content\/uploads\/2023\/05\/Skjermbilde-2023-09-15-kl.-11.10.06-287x300.png 287w, https:\/\/morkemeditasjoner.no\/wp-content\/uploads\/2023\/05\/Skjermbilde-2023-09-15-kl.-11.10.06-768x803.png 768w, https:\/\/morkemeditasjoner.no\/wp-content\/uploads\/2023\/05\/Skjermbilde-2023-09-15-kl.-11.10.06-1469x1536.png 1469w, https:\/\/morkemeditasjoner.no\/wp-content\/uploads\/2023\/05\/Skjermbilde-2023-09-15-kl.-11.10.06-1958x2048.png 1958w, https:\/\/morkemeditasjoner.no\/wp-content\/uploads\/2023\/05\/Skjermbilde-2023-09-15-kl.-11.10.06.png 2046w\" sizes=\"auto, (max-width: 979px) 100vw, 979px\" \/><figcaption class=\"wp-element-caption\">Oppslag i Kongsbergs lokalavis Laagendalsposten<\/figcaption><\/figure>\n\n\n\n<figure class=\"wp-block-image size-large\"><img loading=\"lazy\" decoding=\"async\" width=\"1024\" height=\"768\" src=\"https:\/\/morkemeditasjoner.no\/wp-content\/uploads\/2023\/09\/helge_kaasin_scenen_2-1024x768.png\" alt=\"\" class=\"wp-image-2365\" srcset=\"https:\/\/morkemeditasjoner.no\/wp-content\/uploads\/2023\/09\/helge_kaasin_scenen_2-1024x768.png 1024w, https:\/\/morkemeditasjoner.no\/wp-content\/uploads\/2023\/09\/helge_kaasin_scenen_2-300x225.png 300w, https:\/\/morkemeditasjoner.no\/wp-content\/uploads\/2023\/09\/helge_kaasin_scenen_2-768x576.png 768w, https:\/\/morkemeditasjoner.no\/wp-content\/uploads\/2023\/09\/helge_kaasin_scenen_2-1536x1152.png 1536w, https:\/\/morkemeditasjoner.no\/wp-content\/uploads\/2023\/09\/helge_kaasin_scenen_2.png 1987w\" sizes=\"auto, (max-width: 1024px) 100vw, 1024px\" \/><figcaption class=\"wp-element-caption\">Helge Kaasin p\u00e5 scenen p\u00e5 Energim\u00f8lla, Kongsberg, 16.09.2023. Foto: Rune Kj\u00f8rstad \/ Kongsberg rock og metall klubb.<\/figcaption><\/figure>\n\n\n\n<figure class=\"wp-block-image size-large\"><img loading=\"lazy\" decoding=\"async\" width=\"1024\" height=\"576\" src=\"https:\/\/morkemeditasjoner.no\/wp-content\/uploads\/2023\/09\/helge_kaasin_scenen-1024x576.png\" alt=\"\" class=\"wp-image-2362\" srcset=\"https:\/\/morkemeditasjoner.no\/wp-content\/uploads\/2023\/09\/helge_kaasin_scenen-1024x576.png 1024w, https:\/\/morkemeditasjoner.no\/wp-content\/uploads\/2023\/09\/helge_kaasin_scenen-300x169.png 300w, https:\/\/morkemeditasjoner.no\/wp-content\/uploads\/2023\/09\/helge_kaasin_scenen-768x432.png 768w, https:\/\/morkemeditasjoner.no\/wp-content\/uploads\/2023\/09\/helge_kaasin_scenen-1536x864.png 1536w, https:\/\/morkemeditasjoner.no\/wp-content\/uploads\/2023\/09\/helge_kaasin_scenen-2048x1152.png 2048w\" sizes=\"auto, (max-width: 1024px) 100vw, 1024px\" \/><figcaption class=\"wp-element-caption\">Helge Kaasin p\u00e5 scenen p\u00e5 Energim\u00f8lla, Kongsberg, 16.09.2023. Foto: Rune Kj\u00f8rstad \/ Kongsberg rock og metall klubb.<\/figcaption><\/figure>\n\n\n\n<h3 class=\"wp-block-heading\">Litteraturhuset i Bergen<\/h3>\n\n\n\n<h4 class=\"wp-block-heading\">Samtale<\/h4>\n\n\n\n<ul class=\"wp-block-list\">\n<li>Ordstyrer: Jon V\u00f8llestad<\/li>\n\n\n\n<li>Gjest: Helge Kaasin<\/li>\n\n\n\n<li>Arrangementsdato: 01.11.2023<\/li>\n\n\n\n<li>Sted: Litteraturhuset i Bergen<\/li>\n\n\n\n<li>Arrangementet: Salong \u2013 Rasende nasjonalromantikere<\/li>\n<\/ul>\n\n\n\n<p>Den 1. november 2023 hadde jeg en fin samtale med psykolog Jon V\u00f8llestad om svartmetallen p\u00e5 scenen i Litteraturhuset i Bergen. Lokalet var fullt og stemningen god!<\/p>\n\n\n\n<figure class=\"wp-block-image size-large\"><img loading=\"lazy\" decoding=\"async\" width=\"1024\" height=\"768\" src=\"https:\/\/morkemeditasjoner.no\/wp-content\/uploads\/2023\/05\/IMG_0701-1024x768.jpeg\" alt=\"\" class=\"wp-image-3013\" srcset=\"https:\/\/morkemeditasjoner.no\/wp-content\/uploads\/2023\/05\/IMG_0701-1024x768.jpeg 1024w, https:\/\/morkemeditasjoner.no\/wp-content\/uploads\/2023\/05\/IMG_0701-300x225.jpeg 300w, https:\/\/morkemeditasjoner.no\/wp-content\/uploads\/2023\/05\/IMG_0701-768x576.jpeg 768w, https:\/\/morkemeditasjoner.no\/wp-content\/uploads\/2023\/05\/IMG_0701-1536x1152.jpeg 1536w, https:\/\/morkemeditasjoner.no\/wp-content\/uploads\/2023\/05\/IMG_0701.jpeg 2048w\" sizes=\"auto, (max-width: 1024px) 100vw, 1024px\" \/><figcaption class=\"wp-element-caption\">Helge Kaasin og Jon V\u00f8llestad p\u00e5 scenen.<\/figcaption><\/figure>\n\n\n\n<figure class=\"wp-block-image size-full\"><img loading=\"lazy\" decoding=\"async\" width=\"960\" height=\"798\" src=\"https:\/\/morkemeditasjoner.no\/wp-content\/uploads\/2023\/05\/IMG_0702.jpeg\" alt=\"\" class=\"wp-image-3014\" srcset=\"https:\/\/morkemeditasjoner.no\/wp-content\/uploads\/2023\/05\/IMG_0702.jpeg 960w, https:\/\/morkemeditasjoner.no\/wp-content\/uploads\/2023\/05\/IMG_0702-300x249.jpeg 300w, https:\/\/morkemeditasjoner.no\/wp-content\/uploads\/2023\/05\/IMG_0702-768x638.jpeg 768w\" sizes=\"auto, (max-width: 960px) 100vw, 960px\" \/><figcaption class=\"wp-element-caption\">Helge Kaasin og Jon V\u00f8llestad p\u00e5 scenen.<\/figcaption><\/figure>\n\n\n\n<h3 class=\"wp-block-heading\">Hjems\u00f8kt 2024, Randaberg folkebibliotek<\/h3>\n\n\n\n<h4 class=\"wp-block-heading\">Panelsamtale<\/h4>\n\n\n\n<ul class=\"wp-block-list\">\n<li>Ordstyrer: Sebastian Jazdzewski<\/li>\n\n\n\n<li>I panelet: Cornelius Jakhelln, Helge Kaasin<\/li>\n\n\n\n<li>Arrangementsdato: 31. oktober 2024<\/li>\n\n\n\n<li>Sted: Tungenes Fyr, Randaberg<\/li>\n\n\n\n<li>Arrangementet: Hjems\u00f8kt 2024 (<a href=\"https:\/\/randaberg-folkebibliotek.no\/nb\/arrangementer\/hjemsokt-2024-sno-granskog-og--31-okt_a5e8e2c3\">https:\/\/randaberg-folkebibliotek.no\/nb\/arrangementer\/hjemsokt-2024-sno-granskog-og&#8211;31-okt_a5e8e2c3<\/a>)<\/li>\n<\/ul>\n\n\n\n<p>Jeg var, sammen med musiker og forfatter Cornelius Jakhelln invitert til Randaberg utenfor Haugesund og arrangementet Hjems\u00f8kt 2024 ute p\u00e5 Tungenes fyr. Det var en m\u00f8rk og stormfull kveld da vi kom inn i de trivelige lokalene og hadde en fin panelsamtale for de f\u00e5 gjestene som hadde tatt turen dit ut en sen oktoberkveld. Resten av kvelden ble Cornelius og jeg sittende \u00e5 drikke \u00f8l p\u00e5 hotellrommet p\u00e5 Kirkens Bymisjons <a href=\"https:\/\/vistestrandhotell.no\/\">Viste strandhotell<\/a>. Lite visste de vel hvilke m\u00f8rke makter som hadde tatt bolig der.<\/p>\n\n\n\n<figure class=\"wp-block-image size-full\"><img loading=\"lazy\" decoding=\"async\" width=\"720\" height=\"405\" src=\"https:\/\/morkemeditasjoner.no\/wp-content\/uploads\/2023\/05\/466388130_18472413496045488_4587789569633087976_n.jpeg\" alt=\"\" class=\"wp-image-2990\" srcset=\"https:\/\/morkemeditasjoner.no\/wp-content\/uploads\/2023\/05\/466388130_18472413496045488_4587789569633087976_n.jpeg 720w, https:\/\/morkemeditasjoner.no\/wp-content\/uploads\/2023\/05\/466388130_18472413496045488_4587789569633087976_n-300x169.jpeg 300w\" sizes=\"auto, (max-width: 720px) 100vw, 720px\" \/><figcaption class=\"wp-element-caption\">Sebastian Jazdzewski, Cornelius Jakhelln og Helge Kaasin p\u00e5 scenen i Tungenes fyr.<\/figcaption><\/figure>\n\n\n\n<figure class=\"wp-block-image size-large\"><img loading=\"lazy\" decoding=\"async\" width=\"1024\" height=\"658\" src=\"https:\/\/morkemeditasjoner.no\/wp-content\/uploads\/2023\/05\/PXL_20241031_194539414-1730474587859-1024x658.jpg\" alt=\"\" class=\"wp-image-2987\" srcset=\"https:\/\/morkemeditasjoner.no\/wp-content\/uploads\/2023\/05\/PXL_20241031_194539414-1730474587859-1024x658.jpg 1024w, https:\/\/morkemeditasjoner.no\/wp-content\/uploads\/2023\/05\/PXL_20241031_194539414-1730474587859-300x193.jpg 300w, https:\/\/morkemeditasjoner.no\/wp-content\/uploads\/2023\/05\/PXL_20241031_194539414-1730474587859-768x493.jpg 768w, https:\/\/morkemeditasjoner.no\/wp-content\/uploads\/2023\/05\/PXL_20241031_194539414-1730474587859-1536x986.jpg 1536w, https:\/\/morkemeditasjoner.no\/wp-content\/uploads\/2023\/05\/PXL_20241031_194539414-1730474587859-2048x1315.jpg 2048w\" sizes=\"auto, (max-width: 1024px) 100vw, 1024px\" \/><figcaption class=\"wp-element-caption\">Sebastian Jazdzewski, Cornelius Jakhelln og Helge Kaasin.<\/figcaption><\/figure>\n\n\n\n<h3 class=\"wp-block-heading\">Finse 666<\/h3>\n\n\n\n<h4 class=\"wp-block-heading\">Foredrag<\/h4>\n\n\n\n<ul class=\"wp-block-list\">\n<li>Foredrag: <em>Oppi fjellet<\/em><\/li>\n\n\n\n<li>Foredragsholder: Helge Kaasin<\/li>\n\n\n\n<li>Arrangementsdato: 09.11.2024<\/li>\n\n\n\n<li>Sted: Hotel Finse 1222<\/li>\n\n\n\n<li>Arrangementet: Finse 666<\/li>\n<\/ul>\n\n\n\n<p>Helgen 8. til 10. november 2024 var det duket for den eksklusive metallfestivalen Finse 666 p\u00e5 det \u00e6rverdige Hotel Finse 1222 p\u00e5 Finse. Med f\u00e5 gjester og energirike AK Teigland som vert, ble det en flott opplevelse. I selskap med Asbj\u00f8rn Slettemark, Torgrim \u00d8yre og Torkil Torsvik fikk jeg muligheten til \u00e5 holde foredraget <em>Oppi fjellet<\/em>, om svartmetallens forhold til fjellet. Det gjorde jeg i Framheim, en kopi av i overvintringshytta Roald Amundsens Sydpolekspedisjon brukte i 1911. Det ble en intim og fin ramme rundt foredraget.<\/p>\n\n\n\n<figure class=\"wp-block-image size-full\"><img loading=\"lazy\" decoding=\"async\" width=\"720\" height=\"375\" src=\"https:\/\/morkemeditasjoner.no\/wp-content\/uploads\/2023\/05\/485378236_1064711505684619_5588498417627929404_n.jpg\" alt=\"\" class=\"wp-image-2988\" srcset=\"https:\/\/morkemeditasjoner.no\/wp-content\/uploads\/2023\/05\/485378236_1064711505684619_5588498417627929404_n.jpg 720w, https:\/\/morkemeditasjoner.no\/wp-content\/uploads\/2023\/05\/485378236_1064711505684619_5588498417627929404_n-300x156.jpg 300w\" sizes=\"auto, (max-width: 720px) 100vw, 720px\" \/><\/figure>\n\n\n\n<figure class=\"wp-block-image size-large\"><img loading=\"lazy\" decoding=\"async\" width=\"1024\" height=\"576\" src=\"https:\/\/morkemeditasjoner.no\/wp-content\/uploads\/2023\/05\/IMG_2628-1024x576.jpeg\" alt=\"\" class=\"wp-image-2994\" srcset=\"https:\/\/morkemeditasjoner.no\/wp-content\/uploads\/2023\/05\/IMG_2628-1024x576.jpeg 1024w, https:\/\/morkemeditasjoner.no\/wp-content\/uploads\/2023\/05\/IMG_2628-300x169.jpeg 300w, https:\/\/morkemeditasjoner.no\/wp-content\/uploads\/2023\/05\/IMG_2628-768x432.jpeg 768w, https:\/\/morkemeditasjoner.no\/wp-content\/uploads\/2023\/05\/IMG_2628-1536x864.jpeg 1536w, https:\/\/morkemeditasjoner.no\/wp-content\/uploads\/2023\/05\/IMG_2628-2048x1152.jpeg 2048w\" sizes=\"auto, (max-width: 1024px) 100vw, 1024px\" \/><\/figure>\n\n\n\n<figure class=\"wp-block-image size-large\"><img loading=\"lazy\" decoding=\"async\" width=\"771\" height=\"1024\" src=\"https:\/\/morkemeditasjoner.no\/wp-content\/uploads\/2023\/05\/IMG_2627-771x1024.jpeg\" alt=\"\" class=\"wp-image-2992\" srcset=\"https:\/\/morkemeditasjoner.no\/wp-content\/uploads\/2023\/05\/IMG_2627-771x1024.jpeg 771w, https:\/\/morkemeditasjoner.no\/wp-content\/uploads\/2023\/05\/IMG_2627-226x300.jpeg 226w, https:\/\/morkemeditasjoner.no\/wp-content\/uploads\/2023\/05\/IMG_2627-768x1020.jpeg 768w, https:\/\/morkemeditasjoner.no\/wp-content\/uploads\/2023\/05\/IMG_2627-1157x1536.jpeg 1157w, https:\/\/morkemeditasjoner.no\/wp-content\/uploads\/2023\/05\/IMG_2627.jpeg 1536w\" sizes=\"auto, (max-width: 771px) 100vw, 771px\" \/><\/figure>\n\n\n\n<figure class=\"wp-block-image size-large\"><img loading=\"lazy\" decoding=\"async\" width=\"771\" height=\"1024\" src=\"https:\/\/morkemeditasjoner.no\/wp-content\/uploads\/2023\/05\/IMG_2639-771x1024.jpeg\" alt=\"\" class=\"wp-image-2993\" srcset=\"https:\/\/morkemeditasjoner.no\/wp-content\/uploads\/2023\/05\/IMG_2639-771x1024.jpeg 771w, https:\/\/morkemeditasjoner.no\/wp-content\/uploads\/2023\/05\/IMG_2639-226x300.jpeg 226w, https:\/\/morkemeditasjoner.no\/wp-content\/uploads\/2023\/05\/IMG_2639-768x1020.jpeg 768w, https:\/\/morkemeditasjoner.no\/wp-content\/uploads\/2023\/05\/IMG_2639-1157x1536.jpeg 1157w, https:\/\/morkemeditasjoner.no\/wp-content\/uploads\/2023\/05\/IMG_2639.jpeg 1542w\" sizes=\"auto, (max-width: 771px) 100vw, 771px\" \/><\/figure>\n\n\n\n<figure class=\"wp-block-image size-large is-resized\"><img loading=\"lazy\" decoding=\"async\" width=\"768\" height=\"1366\" src=\"https:\/\/morkemeditasjoner.no\/wp-content\/uploads\/2026\/04\/morke-meditasjoner-69de3565b5da7.png\" alt=\"\" class=\"wp-image-2997\" style=\"width:650px;height:auto\" title=\"IMG_2614\" srcset=\"https:\/\/morkemeditasjoner.no\/wp-content\/uploads\/2026\/04\/morke-meditasjoner-69de3565b5da7.png 768w, https:\/\/morkemeditasjoner.no\/wp-content\/uploads\/2026\/04\/morke-meditasjoner-69de3565b5da7-169x300.png 169w, https:\/\/morkemeditasjoner.no\/wp-content\/uploads\/2026\/04\/morke-meditasjoner-69de3565b5da7-576x1024.png 576w\" sizes=\"auto, (max-width: 768px) 100vw, 768px\" \/><\/figure>\n\n\n\n<h3 class=\"wp-block-heading\">Helt j\u00e6vlig, Drammen kulturhus<\/h3>\n\n\n\n<h4 class=\"wp-block-heading\">Foredrag<\/h4>\n\n\n\n<ul class=\"wp-block-list\">\n<li>Foredrag: <em>Hvis lyset tar oss<\/em><\/li>\n\n\n\n<li>Foredragsholder: Helge Kaasin<\/li>\n\n\n\n<li>Arrangementsdato: 21.11.2024<\/li>\n\n\n\n<li>Sted: Drammen kulturhus<\/li>\n\n\n\n<li>Arrangementet: Helt j\u00e6vlig<\/li>\n<\/ul>\n\n\n\n<figure class=\"wp-block-image size-full\"><img loading=\"lazy\" decoding=\"async\" width=\"640\" height=\"335\" src=\"https:\/\/morkemeditasjoner.no\/wp-content\/uploads\/2023\/05\/hvis-lyset-tar-oss.jpeg\" alt=\"\" class=\"wp-image-2999\" srcset=\"https:\/\/morkemeditasjoner.no\/wp-content\/uploads\/2023\/05\/hvis-lyset-tar-oss.jpeg 640w, https:\/\/morkemeditasjoner.no\/wp-content\/uploads\/2023\/05\/hvis-lyset-tar-oss-300x157.jpeg 300w\" sizes=\"auto, (max-width: 640px) 100vw, 640px\" \/><\/figure>\n\n\n\n<p>Jeg holdt foredraget <em>Hvis lyset tar oss<\/em> i Drammen kulturhus den 21. november 2024. Lokalet var nesten fullt og det var god stemning b\u00e5de under foredraget og ved boksalgsbordet etterp\u00e5.<\/p>\n\n\n\n<figure class=\"wp-block-image size-large\"><img loading=\"lazy\" decoding=\"async\" width=\"1024\" height=\"576\" src=\"https:\/\/morkemeditasjoner.no\/wp-content\/uploads\/2023\/05\/IMG_2716-1024x576.jpeg\" alt=\"\" class=\"wp-image-3005\" srcset=\"https:\/\/morkemeditasjoner.no\/wp-content\/uploads\/2023\/05\/IMG_2716-1024x576.jpeg 1024w, https:\/\/morkemeditasjoner.no\/wp-content\/uploads\/2023\/05\/IMG_2716-300x169.jpeg 300w, https:\/\/morkemeditasjoner.no\/wp-content\/uploads\/2023\/05\/IMG_2716-768x432.jpeg 768w, https:\/\/morkemeditasjoner.no\/wp-content\/uploads\/2023\/05\/IMG_2716-1536x864.jpeg 1536w, https:\/\/morkemeditasjoner.no\/wp-content\/uploads\/2023\/05\/IMG_2716-2048x1152.jpeg 2048w\" sizes=\"auto, (max-width: 1024px) 100vw, 1024px\" \/><\/figure>\n\n\n\n<figure class=\"wp-block-image size-large\"><img loading=\"lazy\" decoding=\"async\" width=\"1024\" height=\"576\" src=\"https:\/\/morkemeditasjoner.no\/wp-content\/uploads\/2023\/05\/IMG_2712-1024x576.jpeg\" alt=\"\" class=\"wp-image-3003\" srcset=\"https:\/\/morkemeditasjoner.no\/wp-content\/uploads\/2023\/05\/IMG_2712-1024x576.jpeg 1024w, https:\/\/morkemeditasjoner.no\/wp-content\/uploads\/2023\/05\/IMG_2712-300x169.jpeg 300w, https:\/\/morkemeditasjoner.no\/wp-content\/uploads\/2023\/05\/IMG_2712-768x432.jpeg 768w, https:\/\/morkemeditasjoner.no\/wp-content\/uploads\/2023\/05\/IMG_2712-1536x864.jpeg 1536w, https:\/\/morkemeditasjoner.no\/wp-content\/uploads\/2023\/05\/IMG_2712-2048x1152.jpeg 2048w\" sizes=\"auto, (max-width: 1024px) 100vw, 1024px\" \/><\/figure>\n\n\n\n<figure class=\"wp-block-image size-large\"><img loading=\"lazy\" decoding=\"async\" width=\"1024\" height=\"576\" src=\"https:\/\/morkemeditasjoner.no\/wp-content\/uploads\/2023\/05\/IMG_2714-1024x576.jpeg\" alt=\"\" class=\"wp-image-3004\" srcset=\"https:\/\/morkemeditasjoner.no\/wp-content\/uploads\/2023\/05\/IMG_2714-1024x576.jpeg 1024w, https:\/\/morkemeditasjoner.no\/wp-content\/uploads\/2023\/05\/IMG_2714-300x169.jpeg 300w, https:\/\/morkemeditasjoner.no\/wp-content\/uploads\/2023\/05\/IMG_2714-768x432.jpeg 768w, https:\/\/morkemeditasjoner.no\/wp-content\/uploads\/2023\/05\/IMG_2714-1536x864.jpeg 1536w, https:\/\/morkemeditasjoner.no\/wp-content\/uploads\/2023\/05\/IMG_2714-2048x1152.jpeg 2048w\" sizes=\"auto, (max-width: 1024px) 100vw, 1024px\" \/><\/figure>\n\n\n\n<p>Den 16. september 2023 sto jeg p\u00e5 scenen for \u00e5 holde en utvidet og tilpasset versjon av foredraget <em>Den rasende nasjonalromantikeren<\/em> p\u00e5 Energim\u00f8lla i min f\u00f8deby Kongsberg. Jeg var invitert av tre gamle venner, og det ble en veldig hyggelig kveld. Mulig at foredraget var i overkant langt denne gangen, men folk hang med.<\/p>\n\n\n\n<h3 class=\"wp-block-heading\">Litteraturdagane 2025, Vinjesenteret<\/h3>\n\n\n\n<h4 class=\"wp-block-heading\">Samtale<\/h4>\n\n\n\n<ul class=\"wp-block-list\">\n<li>Ordstyrer: Inga Henriette Undheim<\/li>\n\n\n\n<li>Gjest: Helge Kaasin<\/li>\n\n\n\n<li>Arrangementsdato: 26.09.2025<\/li>\n\n\n\n<li>Sted: Vinjesenteret, Vinje<\/li>\n\n\n\n<li>Arrangementet: Litteraturdagane 2025, Vinjesenteret (https:\/\/www.nynorsk.no\/vinjesenteret\/litteraturdagane-2025-fredag&#8211;kveld)<\/li>\n<\/ul>\n\n\n\n<p>Jeg ble invitert av festivalsjef for Litteraturdagane 2025 p\u00e5 Vinjesenteret, Yngve Knausg\u00e5rd, til samtale p\u00e5 scenen med f\u00f8rsteamanuensis i norsk litteratur ved UiB, Inga Henriette Undheim. (Folkemusiker \u00d8yonn Groven Myhren skulle ogs\u00e5 v\u00e6rt med samtalen, men m\u00e5tte melde sykdomsforfall rett f\u00f8r vi gikk p\u00e5 scenen.) Med bakgrunn i boken min Sn\u00f8 og granskog, og hvordan jeg der knytter norsk svartmetall til tradisjonell norsk naturmystikk og nasjonalromantikk, var sp\u00f8rsm\u00e5let vi skulle besvare hvordan dette relaterer seg til den tilsvarande tendensen i folkekulturen, folkemusikken og diktningen, f.eks. fra Vest-Telemark? Det ble en flott samtale p\u00e5 scenen, med mange i salen som nok aldri har hatt noe forhold til svartmetallen.<\/p>\n\n\n\n<figure class=\"wp-block-image size-large\"><img loading=\"lazy\" decoding=\"async\" width=\"1024\" height=\"469\" src=\"https:\/\/morkemeditasjoner.no\/wp-content\/uploads\/2023\/05\/Skjermbilde-2026-04-14-kl.-18.13.05-1024x469.png\" alt=\"\" class=\"wp-image-3021\" srcset=\"https:\/\/morkemeditasjoner.no\/wp-content\/uploads\/2023\/05\/Skjermbilde-2026-04-14-kl.-18.13.05-1024x469.png 1024w, https:\/\/morkemeditasjoner.no\/wp-content\/uploads\/2023\/05\/Skjermbilde-2026-04-14-kl.-18.13.05-300x137.png 300w, https:\/\/morkemeditasjoner.no\/wp-content\/uploads\/2023\/05\/Skjermbilde-2026-04-14-kl.-18.13.05-768x352.png 768w, https:\/\/morkemeditasjoner.no\/wp-content\/uploads\/2023\/05\/Skjermbilde-2026-04-14-kl.-18.13.05-1536x704.png 1536w, https:\/\/morkemeditasjoner.no\/wp-content\/uploads\/2023\/05\/Skjermbilde-2026-04-14-kl.-18.13.05.png 1871w\" sizes=\"auto, (max-width: 1024px) 100vw, 1024px\" \/><\/figure>\n","protected":false},"excerpt":{"rendered":"<p>Den 15. april 2023 kom boken min Sn\u00f8 og granskog. Spr\u00e5k, ideologi og nasjonalromantisk raseri i norsk svartmetall ut. Den gis ut av Nasjonalbiblioteket som en del av en st\u00f8rre satsning p\u00e5 \u00e5 vise frem norsk svartmetall plass i den norske kulturhistorien. Sentralt i satsingen st\u00e5r utstillingen \u00abD\u00e5rlig stemning\u00bb. Boken har f\u00e5tt en gledelig bred [&hellip;]<\/p>\n","protected":false},"author":1,"featured_media":2126,"comment_status":"open","ping_status":"closed","sticky":false,"template":"","format":"standard","meta":{"_jetpack_memberships_contains_paid_content":false,"footnotes":""},"categories":[422],"tags":[428,430],"class_list":["post-2124","post","type-post","status-publish","format-standard","has-post-thumbnail","hentry","category-sno-og-granskog-nb","tag-bok-nb","tag-sno-og-granskog-nb"],"yoast_head":"<!-- This site is optimized with the Yoast SEO plugin v27.5 - https:\/\/yoast.com\/product\/yoast-seo-wordpress\/ -->\n<title>Sn\u00f8 og granskog - M\u00f8rke meditasjoner<\/title>\n<meta name=\"robots\" content=\"index, follow, max-snippet:-1, max-image-preview:large, max-video-preview:-1\" \/>\n<link rel=\"canonical\" href=\"https:\/\/morkemeditasjoner.no\/?p=2124\" \/>\n<meta property=\"og:locale\" content=\"nb_NO\" \/>\n<meta property=\"og:type\" content=\"article\" \/>\n<meta property=\"og:title\" content=\"Sn\u00f8 og granskog - M\u00f8rke meditasjoner\" \/>\n<meta property=\"og:description\" content=\"Den 15. april 2023 kom boken min Sn\u00f8 og granskog. Spr\u00e5k, ideologi og nasjonalromantisk raseri i norsk svartmetall ut. Den gis ut av Nasjonalbiblioteket som en del av en st\u00f8rre satsning p\u00e5 \u00e5 vise frem norsk svartmetall plass i den norske kulturhistorien. Sentralt i satsingen st\u00e5r utstillingen \u00abD\u00e5rlig stemning\u00bb. Boken har f\u00e5tt en gledelig bred [&hellip;]\" \/>\n<meta property=\"og:url\" content=\"https:\/\/morkemeditasjoner.no\/?p=2124\" \/>\n<meta property=\"og:site_name\" content=\"M\u00f8rke meditasjoner\" \/>\n<meta property=\"article:published_time\" content=\"2023-05-27T09:56:33+00:00\" \/>\n<meta property=\"article:modified_time\" content=\"2026-04-14T16:16:33+00:00\" \/>\n<meta property=\"og:image\" content=\"https:\/\/morkemeditasjoner.no\/wp-content\/uploads\/2023\/05\/illfoto-1024x576.png\" \/>\n\t<meta property=\"og:image:width\" content=\"1024\" \/>\n\t<meta property=\"og:image:height\" content=\"576\" \/>\n\t<meta property=\"og:image:type\" content=\"image\/png\" \/>\n<meta name=\"author\" content=\"Helge Kaasin\" \/>\n<meta name=\"twitter:card\" content=\"summary_large_image\" \/>\n<meta name=\"twitter:label1\" content=\"Skrevet av\" \/>\n\t<meta name=\"twitter:data1\" content=\"Helge Kaasin\" \/>\n\t<meta name=\"twitter:label2\" content=\"Ansl. lesetid\" \/>\n\t<meta name=\"twitter:data2\" content=\"12 minutter\" \/>\n<script type=\"application\/ld+json\" class=\"yoast-schema-graph\">{\"@context\":\"https:\\\/\\\/schema.org\",\"@graph\":[{\"@type\":\"Article\",\"@id\":\"https:\\\/\\\/morkemeditasjoner.no\\\/?p=2124#article\",\"isPartOf\":{\"@id\":\"https:\\\/\\\/morkemeditasjoner.no\\\/?p=2124\"},\"author\":{\"name\":\"Helge Kaasin\",\"@id\":\"https:\\\/\\\/morkemeditasjoner.no\\\/#\\\/schema\\\/person\\\/068b71937f031d11c76cac94f404e820\"},\"headline\":\"Sn\u00f8 og granskog\",\"datePublished\":\"2023-05-27T09:56:33+00:00\",\"dateModified\":\"2026-04-14T16:16:33+00:00\",\"mainEntityOfPage\":{\"@id\":\"https:\\\/\\\/morkemeditasjoner.no\\\/?p=2124\"},\"wordCount\":2447,\"commentCount\":1,\"publisher\":{\"@id\":\"https:\\\/\\\/morkemeditasjoner.no\\\/#\\\/schema\\\/person\\\/068b71937f031d11c76cac94f404e820\"},\"image\":{\"@id\":\"https:\\\/\\\/morkemeditasjoner.no\\\/?p=2124#primaryimage\"},\"thumbnailUrl\":\"https:\\\/\\\/morkemeditasjoner.no\\\/wp-content\\\/uploads\\\/2023\\\/05\\\/illfoto.png\",\"keywords\":[\"bok\",\"Sn\u00f8 og granskog\"],\"articleSection\":[\"Sn\u00f8 og granskog\"],\"inLanguage\":\"nb-NO\",\"potentialAction\":[{\"@type\":\"CommentAction\",\"name\":\"Comment\",\"target\":[\"https:\\\/\\\/morkemeditasjoner.no\\\/?p=2124#respond\"]}]},{\"@type\":\"WebPage\",\"@id\":\"https:\\\/\\\/morkemeditasjoner.no\\\/?p=2124\",\"url\":\"https:\\\/\\\/morkemeditasjoner.no\\\/?p=2124\",\"name\":\"Sn\u00f8 og granskog - M\u00f8rke meditasjoner\",\"isPartOf\":{\"@id\":\"https:\\\/\\\/morkemeditasjoner.no\\\/#website\"},\"primaryImageOfPage\":{\"@id\":\"https:\\\/\\\/morkemeditasjoner.no\\\/?p=2124#primaryimage\"},\"image\":{\"@id\":\"https:\\\/\\\/morkemeditasjoner.no\\\/?p=2124#primaryimage\"},\"thumbnailUrl\":\"https:\\\/\\\/morkemeditasjoner.no\\\/wp-content\\\/uploads\\\/2023\\\/05\\\/illfoto.png\",\"datePublished\":\"2023-05-27T09:56:33+00:00\",\"dateModified\":\"2026-04-14T16:16:33+00:00\",\"breadcrumb\":{\"@id\":\"https:\\\/\\\/morkemeditasjoner.no\\\/?p=2124#breadcrumb\"},\"inLanguage\":\"nb-NO\",\"potentialAction\":[{\"@type\":\"ReadAction\",\"target\":[\"https:\\\/\\\/morkemeditasjoner.no\\\/?p=2124\"]}]},{\"@type\":\"ImageObject\",\"inLanguage\":\"nb-NO\",\"@id\":\"https:\\\/\\\/morkemeditasjoner.no\\\/?p=2124#primaryimage\",\"url\":\"https:\\\/\\\/morkemeditasjoner.no\\\/wp-content\\\/uploads\\\/2023\\\/05\\\/illfoto.png\",\"contentUrl\":\"https:\\\/\\\/morkemeditasjoner.no\\\/wp-content\\\/uploads\\\/2023\\\/05\\\/illfoto.png\",\"width\":3000,\"height\":1688,\"caption\":\"Helge Kaasin: Sn\u00f8 og granskog\"},{\"@type\":\"BreadcrumbList\",\"@id\":\"https:\\\/\\\/morkemeditasjoner.no\\\/?p=2124#breadcrumb\",\"itemListElement\":[{\"@type\":\"ListItem\",\"position\":1,\"name\":\"Hjem\",\"item\":\"https:\\\/\\\/morkemeditasjoner.no\\\/\"},{\"@type\":\"ListItem\",\"position\":2,\"name\":\"Sn\u00f8 og granskog\"}]},{\"@type\":\"WebSite\",\"@id\":\"https:\\\/\\\/morkemeditasjoner.no\\\/#website\",\"url\":\"https:\\\/\\\/morkemeditasjoner.no\\\/\",\"name\":\"M\u00f8rke meditasjoner\",\"description\":\"Filosofi, kulturhistorie og metall\",\"publisher\":{\"@id\":\"https:\\\/\\\/morkemeditasjoner.no\\\/#\\\/schema\\\/person\\\/068b71937f031d11c76cac94f404e820\"},\"potentialAction\":[{\"@type\":\"SearchAction\",\"target\":{\"@type\":\"EntryPoint\",\"urlTemplate\":\"https:\\\/\\\/morkemeditasjoner.no\\\/?s={search_term_string}\"},\"query-input\":{\"@type\":\"PropertyValueSpecification\",\"valueRequired\":true,\"valueName\":\"search_term_string\"}}],\"inLanguage\":\"nb-NO\"},{\"@type\":[\"Person\",\"Organization\"],\"@id\":\"https:\\\/\\\/morkemeditasjoner.no\\\/#\\\/schema\\\/person\\\/068b71937f031d11c76cac94f404e820\",\"name\":\"Helge Kaasin\",\"image\":{\"@type\":\"ImageObject\",\"inLanguage\":\"nb-NO\",\"@id\":\"https:\\\/\\\/secure.gravatar.com\\\/avatar\\\/b6c7a6757f4380803cf5d49f09e39a8fa0b02535d56aa6af60676515cf38d96f?s=96&d=mm&r=g\",\"url\":\"https:\\\/\\\/secure.gravatar.com\\\/avatar\\\/b6c7a6757f4380803cf5d49f09e39a8fa0b02535d56aa6af60676515cf38d96f?s=96&d=mm&r=g\",\"contentUrl\":\"https:\\\/\\\/secure.gravatar.com\\\/avatar\\\/b6c7a6757f4380803cf5d49f09e39a8fa0b02535d56aa6af60676515cf38d96f?s=96&d=mm&r=g\",\"caption\":\"Helge Kaasin\"},\"logo\":{\"@id\":\"https:\\\/\\\/secure.gravatar.com\\\/avatar\\\/b6c7a6757f4380803cf5d49f09e39a8fa0b02535d56aa6af60676515cf38d96f?s=96&d=mm&r=g\"},\"sameAs\":[\"https:\\\/\\\/morkemeditasjoner.no\"],\"url\":\"https:\\\/\\\/morkemeditasjoner.no\\\/?author=1\"}]}<\/script>\n<!-- \/ Yoast SEO plugin. -->","yoast_head_json":{"title":"Sn\u00f8 og granskog - M\u00f8rke meditasjoner","robots":{"index":"index","follow":"follow","max-snippet":"max-snippet:-1","max-image-preview":"max-image-preview:large","max-video-preview":"max-video-preview:-1"},"canonical":"https:\/\/morkemeditasjoner.no\/?p=2124","og_locale":"nb_NO","og_type":"article","og_title":"Sn\u00f8 og granskog - M\u00f8rke meditasjoner","og_description":"Den 15. april 2023 kom boken min Sn\u00f8 og granskog. Spr\u00e5k, ideologi og nasjonalromantisk raseri i norsk svartmetall ut. Den gis ut av Nasjonalbiblioteket som en del av en st\u00f8rre satsning p\u00e5 \u00e5 vise frem norsk svartmetall plass i den norske kulturhistorien. Sentralt i satsingen st\u00e5r utstillingen \u00abD\u00e5rlig stemning\u00bb. Boken har f\u00e5tt en gledelig bred [&hellip;]","og_url":"https:\/\/morkemeditasjoner.no\/?p=2124","og_site_name":"M\u00f8rke meditasjoner","article_published_time":"2023-05-27T09:56:33+00:00","article_modified_time":"2026-04-14T16:16:33+00:00","og_image":[{"width":1024,"height":576,"url":"https:\/\/morkemeditasjoner.no\/wp-content\/uploads\/2023\/05\/illfoto-1024x576.png","type":"image\/png"}],"author":"Helge Kaasin","twitter_card":"summary_large_image","twitter_misc":{"Skrevet av":"Helge Kaasin","Ansl. lesetid":"12 minutter"},"schema":{"@context":"https:\/\/schema.org","@graph":[{"@type":"Article","@id":"https:\/\/morkemeditasjoner.no\/?p=2124#article","isPartOf":{"@id":"https:\/\/morkemeditasjoner.no\/?p=2124"},"author":{"name":"Helge Kaasin","@id":"https:\/\/morkemeditasjoner.no\/#\/schema\/person\/068b71937f031d11c76cac94f404e820"},"headline":"Sn\u00f8 og granskog","datePublished":"2023-05-27T09:56:33+00:00","dateModified":"2026-04-14T16:16:33+00:00","mainEntityOfPage":{"@id":"https:\/\/morkemeditasjoner.no\/?p=2124"},"wordCount":2447,"commentCount":1,"publisher":{"@id":"https:\/\/morkemeditasjoner.no\/#\/schema\/person\/068b71937f031d11c76cac94f404e820"},"image":{"@id":"https:\/\/morkemeditasjoner.no\/?p=2124#primaryimage"},"thumbnailUrl":"https:\/\/morkemeditasjoner.no\/wp-content\/uploads\/2023\/05\/illfoto.png","keywords":["bok","Sn\u00f8 og granskog"],"articleSection":["Sn\u00f8 og granskog"],"inLanguage":"nb-NO","potentialAction":[{"@type":"CommentAction","name":"Comment","target":["https:\/\/morkemeditasjoner.no\/?p=2124#respond"]}]},{"@type":"WebPage","@id":"https:\/\/morkemeditasjoner.no\/?p=2124","url":"https:\/\/morkemeditasjoner.no\/?p=2124","name":"Sn\u00f8 og granskog - M\u00f8rke meditasjoner","isPartOf":{"@id":"https:\/\/morkemeditasjoner.no\/#website"},"primaryImageOfPage":{"@id":"https:\/\/morkemeditasjoner.no\/?p=2124#primaryimage"},"image":{"@id":"https:\/\/morkemeditasjoner.no\/?p=2124#primaryimage"},"thumbnailUrl":"https:\/\/morkemeditasjoner.no\/wp-content\/uploads\/2023\/05\/illfoto.png","datePublished":"2023-05-27T09:56:33+00:00","dateModified":"2026-04-14T16:16:33+00:00","breadcrumb":{"@id":"https:\/\/morkemeditasjoner.no\/?p=2124#breadcrumb"},"inLanguage":"nb-NO","potentialAction":[{"@type":"ReadAction","target":["https:\/\/morkemeditasjoner.no\/?p=2124"]}]},{"@type":"ImageObject","inLanguage":"nb-NO","@id":"https:\/\/morkemeditasjoner.no\/?p=2124#primaryimage","url":"https:\/\/morkemeditasjoner.no\/wp-content\/uploads\/2023\/05\/illfoto.png","contentUrl":"https:\/\/morkemeditasjoner.no\/wp-content\/uploads\/2023\/05\/illfoto.png","width":3000,"height":1688,"caption":"Helge Kaasin: Sn\u00f8 og granskog"},{"@type":"BreadcrumbList","@id":"https:\/\/morkemeditasjoner.no\/?p=2124#breadcrumb","itemListElement":[{"@type":"ListItem","position":1,"name":"Hjem","item":"https:\/\/morkemeditasjoner.no\/"},{"@type":"ListItem","position":2,"name":"Sn\u00f8 og granskog"}]},{"@type":"WebSite","@id":"https:\/\/morkemeditasjoner.no\/#website","url":"https:\/\/morkemeditasjoner.no\/","name":"M\u00f8rke meditasjoner","description":"Filosofi, kulturhistorie og metall","publisher":{"@id":"https:\/\/morkemeditasjoner.no\/#\/schema\/person\/068b71937f031d11c76cac94f404e820"},"potentialAction":[{"@type":"SearchAction","target":{"@type":"EntryPoint","urlTemplate":"https:\/\/morkemeditasjoner.no\/?s={search_term_string}"},"query-input":{"@type":"PropertyValueSpecification","valueRequired":true,"valueName":"search_term_string"}}],"inLanguage":"nb-NO"},{"@type":["Person","Organization"],"@id":"https:\/\/morkemeditasjoner.no\/#\/schema\/person\/068b71937f031d11c76cac94f404e820","name":"Helge Kaasin","image":{"@type":"ImageObject","inLanguage":"nb-NO","@id":"https:\/\/secure.gravatar.com\/avatar\/b6c7a6757f4380803cf5d49f09e39a8fa0b02535d56aa6af60676515cf38d96f?s=96&d=mm&r=g","url":"https:\/\/secure.gravatar.com\/avatar\/b6c7a6757f4380803cf5d49f09e39a8fa0b02535d56aa6af60676515cf38d96f?s=96&d=mm&r=g","contentUrl":"https:\/\/secure.gravatar.com\/avatar\/b6c7a6757f4380803cf5d49f09e39a8fa0b02535d56aa6af60676515cf38d96f?s=96&d=mm&r=g","caption":"Helge Kaasin"},"logo":{"@id":"https:\/\/secure.gravatar.com\/avatar\/b6c7a6757f4380803cf5d49f09e39a8fa0b02535d56aa6af60676515cf38d96f?s=96&d=mm&r=g"},"sameAs":["https:\/\/morkemeditasjoner.no"],"url":"https:\/\/morkemeditasjoner.no\/?author=1"}]}},"jetpack_featured_media_url":"https:\/\/morkemeditasjoner.no\/wp-content\/uploads\/2023\/05\/illfoto.png","jetpack_sharing_enabled":true,"_links":{"self":[{"href":"https:\/\/morkemeditasjoner.no\/index.php?rest_route=\/wp\/v2\/posts\/2124","targetHints":{"allow":["GET"]}}],"collection":[{"href":"https:\/\/morkemeditasjoner.no\/index.php?rest_route=\/wp\/v2\/posts"}],"about":[{"href":"https:\/\/morkemeditasjoner.no\/index.php?rest_route=\/wp\/v2\/types\/post"}],"author":[{"embeddable":true,"href":"https:\/\/morkemeditasjoner.no\/index.php?rest_route=\/wp\/v2\/users\/1"}],"replies":[{"embeddable":true,"href":"https:\/\/morkemeditasjoner.no\/index.php?rest_route=%2Fwp%2Fv2%2Fcomments&post=2124"}],"version-history":[{"count":86,"href":"https:\/\/morkemeditasjoner.no\/index.php?rest_route=\/wp\/v2\/posts\/2124\/revisions"}],"predecessor-version":[{"id":3022,"href":"https:\/\/morkemeditasjoner.no\/index.php?rest_route=\/wp\/v2\/posts\/2124\/revisions\/3022"}],"wp:featuredmedia":[{"embeddable":true,"href":"https:\/\/morkemeditasjoner.no\/index.php?rest_route=\/wp\/v2\/media\/2126"}],"wp:attachment":[{"href":"https:\/\/morkemeditasjoner.no\/index.php?rest_route=%2Fwp%2Fv2%2Fmedia&parent=2124"}],"wp:term":[{"taxonomy":"category","embeddable":true,"href":"https:\/\/morkemeditasjoner.no\/index.php?rest_route=%2Fwp%2Fv2%2Fcategories&post=2124"},{"taxonomy":"post_tag","embeddable":true,"href":"https:\/\/morkemeditasjoner.no\/index.php?rest_route=%2Fwp%2Fv2%2Ftags&post=2124"}],"curies":[{"name":"wp","href":"https:\/\/api.w.org\/{rel}","templated":true}]}}