{"id":815,"date":"2019-06-25T11:00:00","date_gmt":"2019-06-25T11:00:00","guid":{"rendered":"https:\/\/morkemeditasjoner.no\/?p=815"},"modified":"2026-04-12T12:04:25","modified_gmt":"2026-04-12T12:04:25","slug":"kravik-lyra","status":"publish","type":"post","link":"https:\/\/morkemeditasjoner.no\/?p=815","title":{"rendered":"Kravik-lyra"},"content":{"rendered":"\n<p>Jeg kunne v\u00e6re et visst uvennskap mellom Kravik-gutten og mitt s\u00f8skenbarn Ole Gunnar. Det var sent 70-tall, eller tidlig 80-tall, og vi var p\u00e5 juletrefest i gymsalen p\u00e5 Nore skole, p\u00e5 Norefjord i Numedal. Familien p\u00e5 fire hadde reist s\u00f8rfra fra Kongsberg p\u00e5 morgenen, og min mors s\u00f8ster med familie hadde reist nordfra fra S\u00e6lebakke i \u00c5sb\u00f8grenda, den g\u00e5rden min mor sa fra seg odelsretten til da hun flyttet til Kongsberg som nyutdannet hjelpepleier sammen med min far, den nyutdannede verkt\u00f8ymakeren, som hadde f\u00e5tt seg jobb p\u00e5 Kongsberg V\u00e5penfabrikk.<\/p>\n\n\n\n<!--more-->\n\n\n\n<div class=\"wp-block-group has-tertiary-background-color has-background is-layout-flow wp-container-core-group-is-layout-761bec92 wp-block-group-is-layout-flow\" style=\"padding-top:var(--wp--preset--spacing--30);padding-right:var(--wp--preset--spacing--30);padding-bottom:var(--wp--preset--spacing--30);padding-left:var(--wp--preset--spacing--30)\">\n<h2 class=\"wp-block-heading has-large-font-size\">Sendt som radio<\/h2>\n\n\n\n<p>NRK P2. M\u00f8rke meditasjoner, 25.06.2019 (27 min). <a href=\"https:\/\/radio.nrk.no\/serie\/moerke-meditasjoner\/sesong\/201906\/MKRD07000119\">https:\/\/radio.nrk.no\/serie\/moerke-meditasjoner\/sesong\/201906\/MKRD07000219<\/a><\/p>\n<\/div>\n\n\n\n<p>Kravik-gutten var kraftig, mitt s\u00f8skenbarn av det mer spebygde slaget. Jeg vet ikke om det kom til annet enn skjelmske blikk p\u00e5 den juletrefesten, og en dytt eller to. De gikk p\u00e5 skole sammen, og har muligens havnet i h\u00e5ndgemeng der. Men jeg vet ikke hvor dypt uvennskapet stakk, de er venner p\u00e5 Facebook n\u00e5, 40 \u00e5r senere. Det er mulig det grunnet i noe de ikke selv kunne kontrollere, det at S\u00e6lebakke er en karrig liten g\u00e5rd i et bakkelandskap i randsonen av \u00c5sb\u00f8fjellet, nord i Numedal, og at Kravik er en frodig storg\u00e5rd i Numedals-m\u00e5lestokk, med en lang og rik historie, et stykke lenger s\u00f8r.<\/p>\n\n\n\n<p>S\u00f8re Kravik ligger mellom riksvei 40 og Kravikfjorden. Jordene b\u00f8yer ned mot det forlokkende vannspeilet. Det er en stille og vakker avkrok. I middelalderen var g\u00e5rden del av en st\u00f8rre g\u00e5rd med kanskje tjue bygninger spredt over et ganske stort omr\u00e5de. Eldhus, vedskjul, fj\u00f8s, stall, stabbur, stuer og loft. G\u00e5rden ble delt av i 1670 mellom to br\u00f8dre, men hovedg\u00e5rden har v\u00e6rt i samme slekta i alle fall siden svartedauden. Et sagn forteller at Kravik var den eneste bebodde g\u00e5rden i Nore etter svartedaudens herjinger.<\/p>\n\n\n\n<p>Den eldste bygningen p\u00e5 S\u00f8re Kravik er langloftet som ble bygget rundt \u00e5r 1300, kanskje tidligere. Loftet er et selskapsloft, i byggeteknikk ikke ulikt stabbur, men med andre funksjoner. Dette var Kravik-g\u00e5rdens statussymbol, og ble flyttet til S\u00f8re Kravik i forbindelse med delingen av g\u00e5rden.<\/p>\n\n\n\n<p>I f\u00f8rste etasje er det et gjesterom med trapp opp til annen etasje, og et rom for oppbevaring av mat. I andre etasje er det soveloft og eget selskapsrom. Inngangene til de to rommene voktes av fabeldyr, det ene i gotisk stil, det andre i romansk stil, som et uttrykk for overgangen mellom romansk og gotisk arkitektur.<\/p>\n\n\n\n<p>I loftet p\u00e5 Kravik kan mangt et bondegilde ha v\u00e6rt holdt, med god mat og drikke, latter, musikk, sang og dans.<\/p>\n\n\n\n<p>Og her er vi kommet til kjernen i denne episoden av M\u00f8rke meditasjoner. Noe av musikken som ble fremf\u00f8rt p\u00e5 gildene i selskapsloftet p\u00e5 Kravik har ganske sikkert kommet fra en liten harpe, en s\u00e5kalt lyre. Det ble nemlig i forrige \u00e5rhundre funnet restene av en lyre man tidligere antok var fra 1300-tallet p\u00e5 Kravik. Instrumentet er siden da kjent som Kravik-lyre.<\/p>\n\n\n\n<p>I den senere tid er lyra Carbon 14-testet, og det er sl\u00e5tt fast at trevirket er felt en gang mellom 1475 og 1633, med st\u00f8rst sannsynlighet mellom 1556 og 1633. Og da er vi over i tidlig moderne tid med renessansen, og etter reformasjonen.<\/p>\n\n\n\n<p>Kravik-lyra slik den ble funnet er laget av furu, men mangler lokk i resonanskassa, strengefeste, stol, stemmeskruer og strenger. Den har hatt sju strenger, og var opprinnelig et klimpre-instrument, men ble i senmiddelalderen ogs\u00e5 str\u00f8ket med bue.<\/p>\n\n\n\n<p>Lyren har en nesten 5000 \u00e5r lang historie, og oppsto flere steder i verden. Framf\u00f8ring av poesi ble i det antikke Hellas akkompagnert av lyre. Derfor er det moderne begrepet \u00ablyrikk\u00bb avledet fra begrepet \u00ablyre\u00bb, gjennom det greske \u00ablyrikos\u00bb som betyr \u00ab\u00e5 synge til lyre\u00bb.&nbsp;<\/p>\n\n\n\n<p>I middelalderen var lyren assosiert med overklassen, og ofte forbundet med trolldom. P\u00e5 Kravik kan lyra ha v\u00e6rt spilt sammen med middelalderinstrumenter som bukkehorn, lur, fl\u00f8yte og tromme, og med mer moderne instrumenter som langeleik og fiolin, og etterhvert hardingfela som kom p\u00e5 1600-tallet.<\/p>\n\n\n\n<p>Det er flere musikere som den dag i dag benytter seg av lyre som instrument. Den mest kjente av dem er Einar Selvik. Einar Selvik er ogs\u00e5 kjent under artistnavnet Kvitrafn, opprinnelig trommeslager i band som Gorgoroth,<\/p>\n\n\n\n<ul class=\"wp-block-list\">\n<li><strong>Artist<\/strong>: Gorgoroth<\/li>\n\n\n\n<li><strong>Utgivelse<\/strong>: Twilight of the Idols (In Conspiracy with Satan<\/li>\n\n\n\n<li><strong>\u00c5r<\/strong>: 2003<\/li>\n\n\n\n<li><strong>Plateselskap<\/strong>:&nbsp;<\/li>\n\n\n\n<li><strong>L\u00e5t<\/strong>: Procreating Satan<\/li>\n\n\n\n<li><strong>Sjanger<\/strong>:&nbsp;<\/li>\n\n\n\n<li><strong>Sted<\/strong>:&nbsp;<\/li>\n<\/ul>\n\n\n\n<p>Sahg,<\/p>\n\n\n\n<ul class=\"wp-block-list\">\n<li><strong>Artist<\/strong>: Sahg<\/li>\n\n\n\n<li><strong>Utgivelse<\/strong>: I<\/li>\n\n\n\n<li><strong>\u00c5r<\/strong>: 2006<\/li>\n\n\n\n<li><strong>Plateselskap<\/strong>:&nbsp;<\/li>\n\n\n\n<li><strong>L\u00e5t<\/strong>: Rivers Running Dry<\/li>\n\n\n\n<li><strong>Sjanger<\/strong>:&nbsp;<\/li>\n\n\n\n<li><strong>Sted<\/strong>:&nbsp;<\/li>\n<\/ul>\n\n\n\n<p>og som multiinstrumentalist og vokalist i Wardruna<\/p>\n\n\n\n<ul class=\"wp-block-list\">\n<li><strong>Artist<\/strong>: Wardruna<\/li>\n\n\n\n<li><strong>Utgivelse<\/strong>: Runaljod \u2013 Yggdrasil<\/li>\n\n\n\n<li><strong>\u00c5r<\/strong>: 2013<\/li>\n\n\n\n<li><strong>Plateselskap<\/strong>:&nbsp;<\/li>\n\n\n\n<li><strong>L\u00e5t<\/strong>: Fehu<\/li>\n\n\n\n<li><strong>Sjanger<\/strong>:&nbsp;<\/li>\n\n\n\n<li><strong>Sted<\/strong>:&nbsp;<\/li>\n<\/ul>\n\n\n\n<p>Einar Selvik er ogs\u00e5 kjent for \u00e5 ha laget deler av musikken til flere av sesongene til History Channels popul\u00e6re TV-serie <em>Vikings<\/em>. Han spiller selv i en del scener, og er blitt mer og mer involvert i produksjonen av serien, med sin kunnskap om vikingtiden.<\/p>\n\n\n\n<p>I 2017 kom han med EP-en <em>Snake Pit Poetry<\/em>. EP-en best\u00e5r av to ulike versjoner av l\u00e5ta \u00abSnake Pit Poetry\u00bb, den ene en akustisk versjon, den andre en mer produsert studioversjon. Vi skal h\u00f8re den akustiske versjonen, i skalde-modus som det st\u00e5r p\u00e5 utgivelsen. Instrumentet vi h\u00f8rer Einar spille p\u00e5 er nettopp en Kravik-lyre.&nbsp;<\/p>\n\n\n\n<ul class=\"wp-block-list\">\n<li><strong>Artist<\/strong>: Einar Selvik<\/li>\n\n\n\n<li><strong>Utgivelse<\/strong>: Snake Pit Poetry<\/li>\n\n\n\n<li><strong>\u00c5r<\/strong>: 2017<\/li>\n\n\n\n<li><strong>Plateselskap<\/strong>:&nbsp;<\/li>\n\n\n\n<li><strong>L\u00e5t<\/strong>: Snake Pit Poetry \u2013 Scaldic mode<\/li>\n\n\n\n<li><strong>Sjanger<\/strong>:&nbsp;<\/li>\n\n\n\n<li><strong>Sted<\/strong>:<\/li>\n<\/ul>\n\n\n\n<p>L\u00e5ta \u00abSnake Pit Poetry\u00bb er skrevet til en scene i <em>Vikings<\/em> i episode 2 av sesong 4, hvor Ragnar Lodbrok kastes i en ormegrop av kong \u00c6lla av Northumbria, i dagens Nord-England, og d\u00f8r en sakte d\u00f8d.<\/p>\n\n\n\n<p>Vikings-seriens Ragnar Lodbrok er basert p\u00e5 den historiske, eller snarere mytiske, Ragnar Lodbrok. Selv om han ble betraktet som helt i det norr\u00f8ne Norden, s\u00e5 er opptegnelsene om livet hans magre og lite troverdige. Han var etter sigende en svensk-dansk sm\u00e5konge som levde en gang p\u00e5 700- eller 800-tallet.<\/p>\n\n\n\n<p>En viktig kilde til kunnskap om Ragnar Lodbrok er Ragnar Lodbroks saga. Han nevnes ogs\u00e5 i Volsungesaga. I Ragnar Lodbroks saga skildres Ragnars vikingtokter, ekteskap med f\u00f8rst Tora Borgarhjort, og deretter med \u00c5slaug Sigurdsdatter og hans s\u00f8nner med dem. Videre forteller sagaen om Ragnars herjinger og d\u00f8d i England, og hvordan s\u00f8nnene Ivar Beinlause, Halvdan Kvitserk, Sigurd Orm-i-auga og Bj\u00f8rn Jernside hevner ham etter hans d\u00f8d i ormegropen hos kong \u00c6lla.<\/p>\n\n\n\n<p>Ragnars andre kone \u00c5slaug \u2013 med kallenavn kr\u00e5ka \u2013 var if\u00f8lge Volsungesagaen datter av den mytiske Sigurd F\u00e5vnesbane, han som klarte \u00e5 drepe ormen, eller dragen F\u00e5vne med sverdet Gram, og sikret seg dermed en stor skatt. Hans liv er ved siden av Volsungesagaen og s\u00e5 beskrevet i heltediktene Den eldre Edda og i det tyske Nibelungenlied. Alle tre er fra 1200-tallet.<\/p>\n\n\n\n<p>En av de mange tolkninger av middelaldereposet Nibelungenlied er Richard Wagners operasyklus <em>Nibelungenringen<\/em>. En oppf\u00f8ring av hele operasyklusen tar til sammen mellom 14 og 16 timer. Hos Wagner er Sigurd blitt til Siegfried, sverdet Gram til Nothug, og ormen F\u00e5vne heter Fafner.<\/p>\n\n\n\n<ul class=\"wp-block-list\">\n<li><strong>Artist<\/strong>: Marek Janowski &amp; Staatskapelle Dresden<\/li>\n\n\n\n<li><strong>Utgivelse<\/strong>: Wagner: Der Ring des Nibelungen &#8211; Gesamtaufnahme<\/li>\n\n\n\n<li><strong>\u00c5r<\/strong>: 1980<\/li>\n\n\n\n<li><strong>Plateselskap<\/strong>:&nbsp;<\/li>\n\n\n\n<li><strong>L\u00e5t<\/strong>: Siegfried &#8211; Oper in drei Aufz\u00fcgen: 2. Aufzug: 1. Szene: Fafner! Fafner! Erwache, Wurm!<\/li>\n\n\n\n<li><strong>Sjanger<\/strong>:&nbsp;<\/li>\n\n\n\n<li><strong>Sted<\/strong>:<\/li>\n<\/ul>\n\n\n\n<p>Etter \u00e5 ha drept F\u00e5vne med sverdet Gram, steker Sigurd hjertet til dragen, mens Sigurds forsterfar, smeden Regin, eller Fasolt hos Wagner, ligger og sover. N\u00e5r Sigurd f\u00e5r litt av blodet til F\u00e5vne i munnen, h\u00f8rer han at fuglene snakker. De forteller at Regin har planer om \u00e5 drepe Sigurd for \u00e5 f\u00e5 fatt i skatten. Sigurd dreper derfor Regin, og gifter seg med Gudrun Gjukesdatter, eller Guthrune som hun heter hos Wagner.<\/p>\n\n\n\n<p>Gudrun og broren hennes Gunnar Gjukeson, eller Gunther, kongen av Burgund \u2013 et konged\u00f8mme i dagens Frankrike og Sveits \u2013 vil ha skatten, s\u00e5 de dreper Sigurd.<\/p>\n\n\n\n<ul class=\"wp-block-list\">\n<li><strong>Artist<\/strong>: Marek Janowski &amp; Staatskapelle Dresden<\/li>\n\n\n\n<li><strong>Utgivelse<\/strong>: Wagner: Der Ring des Nibelungen &#8211; Gesamtaufnahme<\/li>\n\n\n\n<li><strong>\u00c5r<\/strong>: 1980<\/li>\n\n\n\n<li><strong>Plateselskap<\/strong>:&nbsp;<\/li>\n\n\n\n<li><strong>L\u00e5t<\/strong>: Siegfried &#8211; Oper in drei Aufz\u00fcgen: 3. Aufzug: 3. Szene: Ewig war ich, ewig bin ich<\/li>\n\n\n\n<li><strong>Sjanger<\/strong>:&nbsp;<\/li>\n\n\n\n<li><strong>Sted<\/strong>:<\/li>\n<\/ul>\n\n\n\n<p>Men ogs\u00e5 kong Atle \u2013 hunerkongen Attila \u2013 \u00f8nsker seg skatten. Gunnar nekter \u00e5 fortelle kongen hvor skatten er.&nbsp;<\/p>\n\n\n\n<p>Og her er vi ved et punkt i v\u00e5r fortelling som knytter sammen mange av dens l\u00f8se tr\u00e5der. Som Ragnar Lodbrok havner nemlig ogs\u00e5 Gunnar Gjukeson, i en ormegrop p\u00e5 en annen konges befaling. I <em>Volsungesaga<\/em> heter det videre:&nbsp;<\/p>\n\n\n\n<blockquote class=\"wp-block-quote is-layout-flow wp-block-quote-is-layout-flow\">\n<p>\u00ab<em>Der var det mange ormer, og hendene hans var bundet fast. Gudrun sendt ham en harpe og han viste sin dugelighet og spilte vakkert p\u00e5 harpa; for han spilte med t\u00e6rne og det s\u00e5 str\u00e5lende at f\u00e5 syntes de hadde h\u00f8rt slikt spill, selv med hender. Og slik gjorde han denne kunst at alle ormene sovna, unntatt en stor og vond orm som gled mot ham og grov inn tennene sine til den hugg i hans hjerte. Der d\u00f8de han s\u00e5 med stor tapperhet.<\/em>\u00bb&nbsp;<\/p>\n<cite><em>Volsungesaga<\/em><\/cite><\/blockquote>\n\n\n\n<p>Instrumentet Gunnar spiller p\u00e5 med f\u00f8ttene er ikke en harpe i ordets moderne betydning, men en lyre, lik Kravik-lyra. Gunnars lyrespill i ormegropen er fremstilt blant annet p\u00e5 en stavkirkeportal fra Hylestad i Setesdal som skildrer Sigurd F\u00e5vnesbanes liv.<\/p>\n\n\n\n<p>En annen fremstilling av Gunnar i ormegropa finner vi foran p\u00e5 karmen til Osebergvognen, den staselige vognen fra f\u00f8r \u00e5r 800 som ble funnet i Osebergskipet, og som befinner seg p\u00e5 Vikingskipshuset i Oslo. Eller man antar at det er Gunnar. Uansett er det denne fremstillingen Einar Selvik har brukt som omslag til sin EP <em>Snake Pit Poetry<\/em>, og som i hovedsak omhandler Ragnar Lodbrok.<\/p>\n\n\n\n<p>Teksten til \u00abSnake Pit Poetry\u00bb er en omarbeiding av de to versene Ragnar etter sigende kvad der nede i ormegropa. I <em>Ragnar Lodbroks saga<\/em> lyder de slik p\u00e5 norsk:<\/p>\n\n\n\n<blockquote class=\"wp-block-quote is-layout-flow wp-block-quote-is-layout-flow\">\n<p>\u00ab<em>Slag hadde jeg ofte,<\/em><\/p>\n\n\n\n<p><em>fem ganger ti og en,<\/em><\/p>\n\n\n\n<p><em>mange fikk men,<\/em><\/p>\n\n\n\n<p><em>minnes jeg av dette.<\/em><\/p>\n\n\n\n<p><em>Ikke tenkte jeg ormer,<\/em><\/p>\n\n\n\n<p><em>enden min skulle v\u00e6re;<\/em><\/p>\n\n\n\n<p><em>ofte mannen m\u00f8ter,<\/em><\/p>\n\n\n\n<p><em>det han selv minst venter.<\/em><\/p>\n\n\n\n<p><em>Grynte ville grisene,<\/em><\/p>\n\n\n\n<p><em>om de visste galtens k\u00e5r;<\/em><\/p>\n\n\n\n<p><em>sv\u00e6rt mye vondt n\u00e5,<\/em><\/p>\n\n\n\n<p><em>ormene meg volder.<\/em><\/p>\n\n\n\n<p><em>Stikker tennene inn<\/em><\/p>\n\n\n\n<p><em>og biter hardt,<\/em><\/p>\n\n\n\n<p><em>et lik snart jeg er,<\/em><\/p>\n\n\n\n<p><em>her blant dyra.<\/em>\u00bb<\/p>\n<cite><em>Ragnar Lodbroks saga<\/em><\/cite><\/blockquote>\n\n\n\n<p>Det er tydelig at Ragnar finner d\u00f8den i ormegropen ydmykende. Han er med ett ikke verdt mer enn et dyr, og attp\u00e5til det nedrigste dyret som finnes, slangen.<\/p>\n\n\n\n<p>I 1948 kom filmen <em>The Snake Pit<\/em>, regissert av den russiskf\u00f8dte amerikanske filmaksperen Anatole Litvak. Dette var en av de f\u00f8rste filmene som omhandlet psykisk sykdom som sitt hovedtema.<\/p>\n\n\n\n<p>Filmens hovedkarakter er Virginia. Hun er en pasient p\u00e5 Juniper Hill State Hospital som sliter med \u00e5 huske hvorfor og hvordan hun ble innlagt p\u00e5 psykiatrisk sykehus. I en av sine terapisesjoner forteller hun til sin lege at hun husker en gang \u00e5 ha lest i en bok om at de for lang tid tilbake pleide \u00e5 sette psykisk syke mennesker i ormegroper. Dette ble gjort i tr\u00e5d med klassisk legevitenskap som r\u00e5det til \u00e5 bote p\u00e5 sykdom med det sykdomsfremmende middelet, slik vi finner det i for eksempel homeopati. Det som skulle drive en normal til&nbsp; vanvidd, ville kunne kurere en vanvittig.<\/p>\n\n\n\n<p>Virginia forestiller seg at dette skjer med henne, og filmen viser en scene hvor hun st\u00e5r blant flere dusin andre pasienter som beveger seg som ormer nede i et dypt hull. Filmen f\u00f8rte til at det ble satt fokus p\u00e5 forholdene til psykiatriske pasienter i USA, med overbefolkning, kontroversielle behandlingsmetoder, isolasjon og inkompetanse blant mange ansatte, noe som i sin tur f\u00f8rte til bedringer.<\/p>\n\n\n\n<p>B\u00e5de Virginias og Ragnar Lodbroks budskap der nede fra ormegropen er tydelig. Ingen skal m\u00e5tte ydmykes og gj\u00f8res mindre enn han er. Selv ikke odelsgutten fra karrige S\u00e6lebakke skal finne seg i \u00e5 bli sett ned p\u00e5 av odelsgutten p\u00e5 frodige Kravik.<\/p>\n\n\n\n<ul class=\"wp-block-list\">\n<li><strong>Artist<\/strong>: Einar Selvik<\/li>\n\n\n\n<li><strong>Utgivelse<\/strong>: Snake Pit Poetry<\/li>\n\n\n\n<li><strong>\u00c5r<\/strong>: 2017<\/li>\n\n\n\n<li><strong>Plateselskap<\/strong>:&nbsp;<\/li>\n\n\n\n<li><strong>L\u00e5t<\/strong>: Snake Pit Poetry<\/li>\n\n\n\n<li><strong>Sjanger<\/strong>:&nbsp;<\/li>\n\n\n\n<li><strong>Sted<\/strong>:&nbsp;<\/li>\n<\/ul>\n","protected":false},"excerpt":{"rendered":"<p>Jeg kunne v\u00e6re et visst uvennskap mellom Kravik-gutten og mitt s\u00f8skenbarn Ole Gunnar. Det var sent 70-tall, eller tidlig 80-tall, og vi var p\u00e5 juletrefest i gymsalen p\u00e5 Nore skole, p\u00e5 Norefjord i Numedal. Familien p\u00e5 fire hadde reist s\u00f8rfra fra Kongsberg p\u00e5 morgenen, og min mors s\u00f8ster med familie hadde reist nordfra fra S\u00e6lebakke [&hellip;]<\/p>\n","protected":false},"author":1,"featured_media":2307,"comment_status":"open","ping_status":"closed","sticky":false,"template":"","format":"standard","meta":{"_jetpack_memberships_contains_paid_content":false,"footnotes":""},"categories":[388],"tags":[],"class_list":["post-815","post","type-post","status-publish","format-standard","has-post-thumbnail","hentry","category-morke-meditasjoner-nb"],"yoast_head":"<!-- This site is optimized with the Yoast SEO plugin v27.5 - https:\/\/yoast.com\/product\/yoast-seo-wordpress\/ -->\n<title>Kravik-lyra - M\u00f8rke meditasjoner<\/title>\n<meta name=\"robots\" content=\"index, follow, max-snippet:-1, max-image-preview:large, max-video-preview:-1\" \/>\n<link rel=\"canonical\" href=\"https:\/\/morkemeditasjoner.no\/?p=815\" \/>\n<meta property=\"og:locale\" content=\"nb_NO\" \/>\n<meta property=\"og:type\" content=\"article\" \/>\n<meta property=\"og:title\" content=\"Kravik-lyra - M\u00f8rke meditasjoner\" \/>\n<meta property=\"og:description\" content=\"Jeg kunne v\u00e6re et visst uvennskap mellom Kravik-gutten og mitt s\u00f8skenbarn Ole Gunnar. Det var sent 70-tall, eller tidlig 80-tall, og vi var p\u00e5 juletrefest i gymsalen p\u00e5 Nore skole, p\u00e5 Norefjord i Numedal. Familien p\u00e5 fire hadde reist s\u00f8rfra fra Kongsberg p\u00e5 morgenen, og min mors s\u00f8ster med familie hadde reist nordfra fra S\u00e6lebakke [&hellip;]\" \/>\n<meta property=\"og:url\" content=\"https:\/\/morkemeditasjoner.no\/?p=815\" \/>\n<meta property=\"og:site_name\" content=\"M\u00f8rke meditasjoner\" \/>\n<meta property=\"article:published_time\" content=\"2019-06-25T11:00:00+00:00\" \/>\n<meta property=\"article:modified_time\" content=\"2026-04-12T12:04:25+00:00\" \/>\n<meta property=\"og:image\" content=\"https:\/\/morkemeditasjoner.no\/wp-content\/uploads\/2019\/06\/Kravik_Mellom_Nore__Uvdal_kommune.jpg\" \/>\n\t<meta property=\"og:image:width\" content=\"2560\" \/>\n\t<meta property=\"og:image:height\" content=\"1920\" \/>\n\t<meta property=\"og:image:type\" content=\"image\/jpeg\" \/>\n<meta name=\"author\" content=\"Helge Kaasin\" \/>\n<meta name=\"twitter:card\" content=\"summary_large_image\" \/>\n<meta name=\"twitter:label1\" content=\"Skrevet av\" \/>\n\t<meta name=\"twitter:data1\" content=\"Helge Kaasin\" \/>\n\t<meta name=\"twitter:label2\" content=\"Ansl. lesetid\" \/>\n\t<meta name=\"twitter:data2\" content=\"11 minutter\" \/>\n<script type=\"application\/ld+json\" class=\"yoast-schema-graph\">{\"@context\":\"https:\\\/\\\/schema.org\",\"@graph\":[{\"@type\":\"Article\",\"@id\":\"https:\\\/\\\/morkemeditasjoner.no\\\/?p=815#article\",\"isPartOf\":{\"@id\":\"https:\\\/\\\/morkemeditasjoner.no\\\/?p=815\"},\"author\":{\"name\":\"Helge Kaasin\",\"@id\":\"https:\\\/\\\/morkemeditasjoner.no\\\/#\\\/schema\\\/person\\\/068b71937f031d11c76cac94f404e820\"},\"headline\":\"Kravik-lyra\",\"datePublished\":\"2019-06-25T11:00:00+00:00\",\"dateModified\":\"2026-04-12T12:04:25+00:00\",\"mainEntityOfPage\":{\"@id\":\"https:\\\/\\\/morkemeditasjoner.no\\\/?p=815\"},\"wordCount\":2002,\"commentCount\":0,\"publisher\":{\"@id\":\"https:\\\/\\\/morkemeditasjoner.no\\\/#\\\/schema\\\/person\\\/068b71937f031d11c76cac94f404e820\"},\"image\":{\"@id\":\"https:\\\/\\\/morkemeditasjoner.no\\\/?p=815#primaryimage\"},\"thumbnailUrl\":\"https:\\\/\\\/morkemeditasjoner.no\\\/wp-content\\\/uploads\\\/2019\\\/06\\\/Kravik_Mellom_Nore__Uvdal_kommune.jpg\",\"articleSection\":[\"M\u00f8rke meditasjoner\"],\"inLanguage\":\"nb-NO\",\"potentialAction\":[{\"@type\":\"CommentAction\",\"name\":\"Comment\",\"target\":[\"https:\\\/\\\/morkemeditasjoner.no\\\/?p=815#respond\"]}]},{\"@type\":\"WebPage\",\"@id\":\"https:\\\/\\\/morkemeditasjoner.no\\\/?p=815\",\"url\":\"https:\\\/\\\/morkemeditasjoner.no\\\/?p=815\",\"name\":\"Kravik-lyra - M\u00f8rke meditasjoner\",\"isPartOf\":{\"@id\":\"https:\\\/\\\/morkemeditasjoner.no\\\/#website\"},\"primaryImageOfPage\":{\"@id\":\"https:\\\/\\\/morkemeditasjoner.no\\\/?p=815#primaryimage\"},\"image\":{\"@id\":\"https:\\\/\\\/morkemeditasjoner.no\\\/?p=815#primaryimage\"},\"thumbnailUrl\":\"https:\\\/\\\/morkemeditasjoner.no\\\/wp-content\\\/uploads\\\/2019\\\/06\\\/Kravik_Mellom_Nore__Uvdal_kommune.jpg\",\"datePublished\":\"2019-06-25T11:00:00+00:00\",\"dateModified\":\"2026-04-12T12:04:25+00:00\",\"breadcrumb\":{\"@id\":\"https:\\\/\\\/morkemeditasjoner.no\\\/?p=815#breadcrumb\"},\"inLanguage\":\"nb-NO\",\"potentialAction\":[{\"@type\":\"ReadAction\",\"target\":[\"https:\\\/\\\/morkemeditasjoner.no\\\/?p=815\"]}]},{\"@type\":\"ImageObject\",\"inLanguage\":\"nb-NO\",\"@id\":\"https:\\\/\\\/morkemeditasjoner.no\\\/?p=815#primaryimage\",\"url\":\"https:\\\/\\\/morkemeditasjoner.no\\\/wp-content\\\/uploads\\\/2019\\\/06\\\/Kravik_Mellom_Nore__Uvdal_kommune.jpg\",\"contentUrl\":\"https:\\\/\\\/morkemeditasjoner.no\\\/wp-content\\\/uploads\\\/2019\\\/06\\\/Kravik_Mellom_Nore__Uvdal_kommune.jpg\",\"width\":2560,\"height\":1920,\"caption\":\"Foto: Wikipedia, Bohuslen\"},{\"@type\":\"BreadcrumbList\",\"@id\":\"https:\\\/\\\/morkemeditasjoner.no\\\/?p=815#breadcrumb\",\"itemListElement\":[{\"@type\":\"ListItem\",\"position\":1,\"name\":\"Hjem\",\"item\":\"https:\\\/\\\/morkemeditasjoner.no\\\/\"},{\"@type\":\"ListItem\",\"position\":2,\"name\":\"Kravik-lyra\"}]},{\"@type\":\"WebSite\",\"@id\":\"https:\\\/\\\/morkemeditasjoner.no\\\/#website\",\"url\":\"https:\\\/\\\/morkemeditasjoner.no\\\/\",\"name\":\"M\u00f8rke meditasjoner\",\"description\":\"Filosofi, kulturhistorie og metall\",\"publisher\":{\"@id\":\"https:\\\/\\\/morkemeditasjoner.no\\\/#\\\/schema\\\/person\\\/068b71937f031d11c76cac94f404e820\"},\"potentialAction\":[{\"@type\":\"SearchAction\",\"target\":{\"@type\":\"EntryPoint\",\"urlTemplate\":\"https:\\\/\\\/morkemeditasjoner.no\\\/?s={search_term_string}\"},\"query-input\":{\"@type\":\"PropertyValueSpecification\",\"valueRequired\":true,\"valueName\":\"search_term_string\"}}],\"inLanguage\":\"nb-NO\"},{\"@type\":[\"Person\",\"Organization\"],\"@id\":\"https:\\\/\\\/morkemeditasjoner.no\\\/#\\\/schema\\\/person\\\/068b71937f031d11c76cac94f404e820\",\"name\":\"Helge Kaasin\",\"image\":{\"@type\":\"ImageObject\",\"inLanguage\":\"nb-NO\",\"@id\":\"https:\\\/\\\/secure.gravatar.com\\\/avatar\\\/b6c7a6757f4380803cf5d49f09e39a8fa0b02535d56aa6af60676515cf38d96f?s=96&d=mm&r=g\",\"url\":\"https:\\\/\\\/secure.gravatar.com\\\/avatar\\\/b6c7a6757f4380803cf5d49f09e39a8fa0b02535d56aa6af60676515cf38d96f?s=96&d=mm&r=g\",\"contentUrl\":\"https:\\\/\\\/secure.gravatar.com\\\/avatar\\\/b6c7a6757f4380803cf5d49f09e39a8fa0b02535d56aa6af60676515cf38d96f?s=96&d=mm&r=g\",\"caption\":\"Helge Kaasin\"},\"logo\":{\"@id\":\"https:\\\/\\\/secure.gravatar.com\\\/avatar\\\/b6c7a6757f4380803cf5d49f09e39a8fa0b02535d56aa6af60676515cf38d96f?s=96&d=mm&r=g\"},\"sameAs\":[\"https:\\\/\\\/morkemeditasjoner.no\"],\"url\":\"https:\\\/\\\/morkemeditasjoner.no\\\/?author=1\"}]}<\/script>\n<!-- \/ Yoast SEO plugin. -->","yoast_head_json":{"title":"Kravik-lyra - M\u00f8rke meditasjoner","robots":{"index":"index","follow":"follow","max-snippet":"max-snippet:-1","max-image-preview":"max-image-preview:large","max-video-preview":"max-video-preview:-1"},"canonical":"https:\/\/morkemeditasjoner.no\/?p=815","og_locale":"nb_NO","og_type":"article","og_title":"Kravik-lyra - M\u00f8rke meditasjoner","og_description":"Jeg kunne v\u00e6re et visst uvennskap mellom Kravik-gutten og mitt s\u00f8skenbarn Ole Gunnar. Det var sent 70-tall, eller tidlig 80-tall, og vi var p\u00e5 juletrefest i gymsalen p\u00e5 Nore skole, p\u00e5 Norefjord i Numedal. Familien p\u00e5 fire hadde reist s\u00f8rfra fra Kongsberg p\u00e5 morgenen, og min mors s\u00f8ster med familie hadde reist nordfra fra S\u00e6lebakke [&hellip;]","og_url":"https:\/\/morkemeditasjoner.no\/?p=815","og_site_name":"M\u00f8rke meditasjoner","article_published_time":"2019-06-25T11:00:00+00:00","article_modified_time":"2026-04-12T12:04:25+00:00","og_image":[{"width":2560,"height":1920,"url":"https:\/\/morkemeditasjoner.no\/wp-content\/uploads\/2019\/06\/Kravik_Mellom_Nore__Uvdal_kommune.jpg","type":"image\/jpeg"}],"author":"Helge Kaasin","twitter_card":"summary_large_image","twitter_misc":{"Skrevet av":"Helge Kaasin","Ansl. lesetid":"11 minutter"},"schema":{"@context":"https:\/\/schema.org","@graph":[{"@type":"Article","@id":"https:\/\/morkemeditasjoner.no\/?p=815#article","isPartOf":{"@id":"https:\/\/morkemeditasjoner.no\/?p=815"},"author":{"name":"Helge Kaasin","@id":"https:\/\/morkemeditasjoner.no\/#\/schema\/person\/068b71937f031d11c76cac94f404e820"},"headline":"Kravik-lyra","datePublished":"2019-06-25T11:00:00+00:00","dateModified":"2026-04-12T12:04:25+00:00","mainEntityOfPage":{"@id":"https:\/\/morkemeditasjoner.no\/?p=815"},"wordCount":2002,"commentCount":0,"publisher":{"@id":"https:\/\/morkemeditasjoner.no\/#\/schema\/person\/068b71937f031d11c76cac94f404e820"},"image":{"@id":"https:\/\/morkemeditasjoner.no\/?p=815#primaryimage"},"thumbnailUrl":"https:\/\/morkemeditasjoner.no\/wp-content\/uploads\/2019\/06\/Kravik_Mellom_Nore__Uvdal_kommune.jpg","articleSection":["M\u00f8rke meditasjoner"],"inLanguage":"nb-NO","potentialAction":[{"@type":"CommentAction","name":"Comment","target":["https:\/\/morkemeditasjoner.no\/?p=815#respond"]}]},{"@type":"WebPage","@id":"https:\/\/morkemeditasjoner.no\/?p=815","url":"https:\/\/morkemeditasjoner.no\/?p=815","name":"Kravik-lyra - M\u00f8rke meditasjoner","isPartOf":{"@id":"https:\/\/morkemeditasjoner.no\/#website"},"primaryImageOfPage":{"@id":"https:\/\/morkemeditasjoner.no\/?p=815#primaryimage"},"image":{"@id":"https:\/\/morkemeditasjoner.no\/?p=815#primaryimage"},"thumbnailUrl":"https:\/\/morkemeditasjoner.no\/wp-content\/uploads\/2019\/06\/Kravik_Mellom_Nore__Uvdal_kommune.jpg","datePublished":"2019-06-25T11:00:00+00:00","dateModified":"2026-04-12T12:04:25+00:00","breadcrumb":{"@id":"https:\/\/morkemeditasjoner.no\/?p=815#breadcrumb"},"inLanguage":"nb-NO","potentialAction":[{"@type":"ReadAction","target":["https:\/\/morkemeditasjoner.no\/?p=815"]}]},{"@type":"ImageObject","inLanguage":"nb-NO","@id":"https:\/\/morkemeditasjoner.no\/?p=815#primaryimage","url":"https:\/\/morkemeditasjoner.no\/wp-content\/uploads\/2019\/06\/Kravik_Mellom_Nore__Uvdal_kommune.jpg","contentUrl":"https:\/\/morkemeditasjoner.no\/wp-content\/uploads\/2019\/06\/Kravik_Mellom_Nore__Uvdal_kommune.jpg","width":2560,"height":1920,"caption":"Foto: Wikipedia, Bohuslen"},{"@type":"BreadcrumbList","@id":"https:\/\/morkemeditasjoner.no\/?p=815#breadcrumb","itemListElement":[{"@type":"ListItem","position":1,"name":"Hjem","item":"https:\/\/morkemeditasjoner.no\/"},{"@type":"ListItem","position":2,"name":"Kravik-lyra"}]},{"@type":"WebSite","@id":"https:\/\/morkemeditasjoner.no\/#website","url":"https:\/\/morkemeditasjoner.no\/","name":"M\u00f8rke meditasjoner","description":"Filosofi, kulturhistorie og metall","publisher":{"@id":"https:\/\/morkemeditasjoner.no\/#\/schema\/person\/068b71937f031d11c76cac94f404e820"},"potentialAction":[{"@type":"SearchAction","target":{"@type":"EntryPoint","urlTemplate":"https:\/\/morkemeditasjoner.no\/?s={search_term_string}"},"query-input":{"@type":"PropertyValueSpecification","valueRequired":true,"valueName":"search_term_string"}}],"inLanguage":"nb-NO"},{"@type":["Person","Organization"],"@id":"https:\/\/morkemeditasjoner.no\/#\/schema\/person\/068b71937f031d11c76cac94f404e820","name":"Helge Kaasin","image":{"@type":"ImageObject","inLanguage":"nb-NO","@id":"https:\/\/secure.gravatar.com\/avatar\/b6c7a6757f4380803cf5d49f09e39a8fa0b02535d56aa6af60676515cf38d96f?s=96&d=mm&r=g","url":"https:\/\/secure.gravatar.com\/avatar\/b6c7a6757f4380803cf5d49f09e39a8fa0b02535d56aa6af60676515cf38d96f?s=96&d=mm&r=g","contentUrl":"https:\/\/secure.gravatar.com\/avatar\/b6c7a6757f4380803cf5d49f09e39a8fa0b02535d56aa6af60676515cf38d96f?s=96&d=mm&r=g","caption":"Helge Kaasin"},"logo":{"@id":"https:\/\/secure.gravatar.com\/avatar\/b6c7a6757f4380803cf5d49f09e39a8fa0b02535d56aa6af60676515cf38d96f?s=96&d=mm&r=g"},"sameAs":["https:\/\/morkemeditasjoner.no"],"url":"https:\/\/morkemeditasjoner.no\/?author=1"}]}},"jetpack_featured_media_url":"https:\/\/morkemeditasjoner.no\/wp-content\/uploads\/2019\/06\/Kravik_Mellom_Nore__Uvdal_kommune.jpg","jetpack_sharing_enabled":true,"_links":{"self":[{"href":"https:\/\/morkemeditasjoner.no\/index.php?rest_route=\/wp\/v2\/posts\/815","targetHints":{"allow":["GET"]}}],"collection":[{"href":"https:\/\/morkemeditasjoner.no\/index.php?rest_route=\/wp\/v2\/posts"}],"about":[{"href":"https:\/\/morkemeditasjoner.no\/index.php?rest_route=\/wp\/v2\/types\/post"}],"author":[{"embeddable":true,"href":"https:\/\/morkemeditasjoner.no\/index.php?rest_route=\/wp\/v2\/users\/1"}],"replies":[{"embeddable":true,"href":"https:\/\/morkemeditasjoner.no\/index.php?rest_route=%2Fwp%2Fv2%2Fcomments&post=815"}],"version-history":[{"count":6,"href":"https:\/\/morkemeditasjoner.no\/index.php?rest_route=\/wp\/v2\/posts\/815\/revisions"}],"predecessor-version":[{"id":2306,"href":"https:\/\/morkemeditasjoner.no\/index.php?rest_route=\/wp\/v2\/posts\/815\/revisions\/2306"}],"wp:featuredmedia":[{"embeddable":true,"href":"https:\/\/morkemeditasjoner.no\/index.php?rest_route=\/wp\/v2\/media\/2307"}],"wp:attachment":[{"href":"https:\/\/morkemeditasjoner.no\/index.php?rest_route=%2Fwp%2Fv2%2Fmedia&parent=815"}],"wp:term":[{"taxonomy":"category","embeddable":true,"href":"https:\/\/morkemeditasjoner.no\/index.php?rest_route=%2Fwp%2Fv2%2Fcategories&post=815"},{"taxonomy":"post_tag","embeddable":true,"href":"https:\/\/morkemeditasjoner.no\/index.php?rest_route=%2Fwp%2Fv2%2Ftags&post=815"}],"curies":[{"name":"wp","href":"https:\/\/api.w.org\/{rel}","templated":true}]}}