{"id":842,"date":"2019-07-18T23:00:00","date_gmt":"2019-07-18T23:00:00","guid":{"rendered":"https:\/\/morkemeditasjoner.no\/?p=842"},"modified":"2026-04-12T12:04:24","modified_gmt":"2026-04-12T12:04:24","slug":"skogen","status":"publish","type":"post","link":"https:\/\/morkemeditasjoner.no\/?p=842","title":{"rendered":"Skogen"},"content":{"rendered":"\n<p>Det er en helt egen, overskridende opplevelse, \u00e5 vandre i den store, dype og m\u00f8rke granskogen en vinternatt. Naturen holder pusten i den strenge kulden, og din egen pust g\u00e5r i takt med tunge skritt i dyp sn\u00f8. Jeg har mange netter under \u00e5pen himmel midtvinters. N\u00e6rt et sprakende b\u00e5l, langt fra samfunnet og i samtale med en likesinnet i soveposen ved siden av.&nbsp;<\/p>\n\n\n\n<!--more-->\n\n\n\n<div class=\"wp-block-group has-tertiary-background-color has-background is-layout-flow wp-container-core-group-is-layout-761bec92 wp-block-group-is-layout-flow\" style=\"padding-top:var(--wp--preset--spacing--30);padding-right:var(--wp--preset--spacing--30);padding-bottom:var(--wp--preset--spacing--30);padding-left:var(--wp--preset--spacing--30)\">\n<h2 class=\"wp-block-heading has-large-font-size\">Sendt som radio<\/h2>\n\n\n\n<p>NRK P2. M\u00f8rke meditasjoner, 18.07.2019 (27 min). <a href=\"https:\/\/radio.nrk.no\/serie\/moerke-meditasjoner\/sesong\/201907\/MKRD07001919\">https:\/\/radio.nrk.no\/serie\/moerke-meditasjoner\/sesong\/201907\/MKRD07001919<\/a><\/p>\n\n\n\n<p>NRK P2. Spillerom. M\u00f8rke meditasjoner (innslag), 05.01.2017 (kort versjon). <a href=\"https:\/\/radio.nrk.no\/serie\/spillerom-hovedsending\/sesong\/201701\/MKRM01000417#t=29m15s\">https:\/\/radio.nrk.no\/serie\/spillerom-hovedsending\/sesong\/201701\/MKRM01000417#t=29m15s<\/a><\/p>\n<\/div>\n\n\n\n<ul class=\"wp-block-list\">\n<li><strong>Band<\/strong>: Enslaved<\/li>\n\n\n\n<li><strong>Utgivelse<\/strong>: The Forest is my Throne\/Yggdrasill<\/li>\n\n\n\n<li><strong>\u00c5r<\/strong>: 1995<\/li>\n\n\n\n<li><strong>Plateselskap<\/strong>:&nbsp;<\/li>\n\n\n\n<li><strong>L\u00e5t<\/strong>: The Winter Kingdom Opus I: Resound of Gjallarhorn<\/li>\n\n\n\n<li><strong>Sjanger<\/strong>: Black metal<\/li>\n\n\n\n<li><strong>Sted<\/strong>: Norge<\/li>\n<\/ul>\n\n\n\n<p>Skogen stritter som grove h\u00e5r p\u00e5 moder Jords rygg mot den stjernebes\u00e5dde himmelhvelvingen. Kroppen nyter hvilen, b\u00e5lkaffen, og suset i grantoppene. S\u00e5 bryter en av skogens uventede lyder stillheten. Hundretusenvis av \u00e5rs instinkter feier gjennom kroppen. Jeg har \u00f8rene p\u00e5 stilk, og skogens farer har min fulle oppmerksomhet.<\/p>\n\n\n\n<ul class=\"wp-block-list\">\n<li><strong>Band<\/strong>: Satyricon<\/li>\n\n\n\n<li><strong>Utgivelse<\/strong>: The Forest is my Throne\/Yggdrasill<\/li>\n\n\n\n<li><strong>\u00c5r<\/strong>: 1995<\/li>\n\n\n\n<li><strong>Plateselskap<\/strong>:&nbsp;<\/li>\n\n\n\n<li><strong>L\u00e5t<\/strong>: The Forest is my Throne<\/li>\n\n\n\n<li><strong>Lengde<\/strong>:&nbsp;<\/li>\n\n\n\n<li><strong>Sjanger<\/strong>: Black metal<\/li>\n\n\n\n<li><strong>Sted<\/strong>: Norge<\/li>\n<\/ul>\n\n\n\n<p>Det er p\u00e5 sett og vis \u00e5penbart at det m\u00e5tte bli skogen som skulle bli hovedkulissen til den nordiske svartmetallen, selv om fjellene, fjordene og havet ogs\u00e5 har hatt sine talsmenn. Man kan likevel sp\u00f8rre seg om den dypere grunnen til hvorfor disse ungdommene, herjet av hormonell ubalanse og forstadslede, f\u00f8rst og fremst fant seg hjemme i skogen, og ikke andre steder?<\/p>\n\n\n\n<p>La oss utforske dette med n\u00e5 avd\u00f8de arkitekt Christian Norberg-Schulz \u00f8yne. Han skrev en rekke vidunderlige arkitektur-teoretiske verk med filosofisk tilsnitt. Et stadig tilbakevendende tema i disse b\u00f8kene er stedsforst\u00e5else som en fenomenologisk kvalitet, et vennskap til omgivelsene som ikke dekkes av demografiske, topografiske eller klimatologiske opplysninger. Han sp\u00f8r i boken <em>Et sted \u00e5 v\u00e6re<\/em>, fra 1986, om hvilke steds-egenskaper det er vi m\u00e5 bli venner med for \u00e5 kunne bo?<\/p>\n\n\n\n<p>Norberg-Schulz n\u00e6rmer seg det nordiske landskapet gjennom \u00f8rkenen, det sydlige landskapet. \u00d8rkenen kjenner ikke individuelle steder, sier han, men er preget av en eneste \u2013 om enn variert \u2013 grunnkarakter. Her opplever man naturens mest absolutte egenskaper, ikke dets mangfold.<\/p>\n\n\n\n<p>Han knytter vennskapet til et slikt landskap opp mot forestillingen om den eneveldige guden. Her gir en himmelrettet horisontal vending mot Mekka, som et sentralt punkt i \u00f8rkenens labyrintiske uendelighet, mening. For \u00f8rkenens innbyggere er det flaten og linjen som er de grunnleggende geometriske former.<\/p>\n\n\n\n<p>I det nordiske landskap derimot, finner vi ikke \u00f8rkenens enkle fenomener, men en uoversiktlig, vekslende mangfoldighet, der overraskelser h\u00f8rer med til dagsorden. Kontrasten mellom \u00e5rstidene og de br\u00e5 klimaskiftene forsterker dette. Det nordiske landskapet, og i s\u00e6rdeleshet den nordiske skogen, gir en stor rikdom av individuelle steder og et mylder av naturkrefter. Skogens uryddighet skaper bevegelse der det ikke er bevegelse, noe som ga oss eventyrene og trollene.<\/p>\n\n\n\n<p>I 1994 ga norske Ulver ut svartmetallklassikeren <em>Bergtatt \u2013 Et eeventyr i 5 capitler<\/em>. Utgivelsen handler om en pike som har g\u00e5tt seg vill i skogen og m\u00f8ter m\u00f8rke og djevelske krefter, i form av de underjordiske. Albumets f\u00f8rste l\u00e5t heter betegnende nok \u00abCapitel I: I Troldskog faren vild\u00bb. Den uskyldsrene pikens vei inn i skogen representerer kristendommens \u2013 \u00f8rkenreligionens \u2013 inntreden og pervertering av de norske tradisjonene. Hun bergtas tilslutt av skogens m\u00f8rke naturkrefter.<\/p>\n\n\n\n<ul class=\"wp-block-list\">\n<li><strong>Band<\/strong>: Ulver<\/li>\n\n\n\n<li><strong>Utgivelse<\/strong>: Bergtatt \u2013 Et eeventyr i 5 capitler<\/li>\n\n\n\n<li><strong>\u00c5r<\/strong>: 1994<\/li>\n\n\n\n<li><strong>Plateselskap<\/strong>:&nbsp;<\/li>\n\n\n\n<li><strong>L\u00e5t<\/strong>: Capitel I: I Troldskog faren vild<\/li>\n\n\n\n<li><strong>Lengde<\/strong>: 7:45<\/li>\n\n\n\n<li><strong>Sjanger<\/strong>: Black metal<\/li>\n\n\n\n<li><strong>Sted<\/strong>: Norge<\/li>\n<\/ul>\n\n\n\n<p>Nordiske svartmetallkunstnere har siden starten betraktet samfunnets normer og retningslinjer som negative og frihetsber\u00f8vende, og omfavnet skogen som representant for instinktet og menneskets naturlige drifter. Kontrasten mellom skogens ustrukturerte villskap og individualitet, og det str\u00f8mlinjeformede samfunnsfellesskapet, har funnet klangbunn i motsetningen mellom kristendommens dyrking av det fornuftsrene, stringente og dydige, og det uryddige, uregjerlige og lystfylt satanistiske.<\/p>\n\n\n\n<p>Det er interessant \u00e5 merke seg at den eldste norr\u00f8ne flerguds-religionen ikke skilte mellom det rene og det uryddige. Individualiteten og de indre sjelelige stridighetene var alltid tilstede i alle gudene. Det var f\u00f8rst etter kristendommens fremvekst at f.eks. guden Balder ble tiln\u00e6rmet lik Jesus i sitt rene uttrykk.<\/p>\n\n\n\n<p>If\u00f8lge Norberg-Schulz er en sjelelig identifiseringen med skogens kvaliteter naturlig for oss nordboere. Gjennom identifikasjonen med omgivelsene blir tilv\u00e6relsen meningsfylt. En overensstemmelse mellom det ytre og v\u00e5rt indre kommer i stand, og vi finner v\u00e5r identitet, v\u00e5r plass.<\/p>\n\n\n\n<p>I boken <em>Mellom jord og himmel<\/em> fra 1992 starter Norberg-Schulz f\u00f8rste kapittel med \u00e5 sitere fra Tarjei Vesaas\u2019 novelle \u00abSiste-mann heim\u00bb fra samlingen <em>Vindane<\/em>. Her forteller Vesaas om unggutten Knut som er ute i skogen p\u00e5 t\u00f8mmerhogst. Dette har han v\u00e6rt med p\u00e5 mange ganger f\u00f8r, men denne dagen er han ufokusert i arbeidet. Han kjenner at det liksom <em>er<\/em> noe med skogen. Vesaas skriver:<\/p>\n\n\n\n<blockquote class=\"wp-block-quote is-layout-flow wp-block-quote-is-layout-flow\">\n<p><em>Her er du heime, Knut.<\/em><\/p>\n\n\n\n<p>Kva? \u2013\u2013<\/p>\n\n\n\n<p>Det var ingen som sa detta. Men det er detta som er p\u00e5 ferd i dag. Her er du heime. Ei herlig og sann og enkel verd opnar seg for han p\u00e5 den staden han er f\u00f8dd. Som ei kosteleg g\u00e5ve. Han st\u00e5r mellom alle desse falne trea, og desse tusen som st\u00e5r att. Det hender noko ved han i dag:<\/p>\n\n\n\n<p>Skogen opnar seg for han. Hans eigen plass openberrar seg.<\/p>\n\n\n\n<p>Det er en viktig dag for eit menneske.<\/p>\n<cite>Tarjei Vesaas. \u00abSiste-mann heim\u00bb. <em>Vindane<\/em>.<\/cite><\/blockquote>\n\n\n\n<p>\u00ab<em>Slik blir Knut \u201csiste-mann heim\u201d<\/em>\u00bb, skriver Norberg-Schulz.&nbsp; De andre g\u00e5r. Han m\u00e5 bare oppleve hvordan den veldige skogen ordner seg for natta. Knut blir ikke bare igjen for \u00e5 oppleve skogen, men for \u00e5 finne seg selv.<\/p>\n\n\n\n<p>\u00ab<em>Knut opplever plutselig hva det vil si \u00e5 h\u00f8re til et sted, \u00e5 kjenne et sted<\/em>\u00bb, fortsetter Norberg-Schulz. \u00ab<em>Og han opplever at dette stedet har bestemt hans egen m\u00e5te \u00e5 v\u00e6re p\u00e5, hans personlighet. Stedet \u201c\u00e5pner seg\u201d for ham, og dermed \u201chans egen plass\u201d. Livet blir \u201crett og sant\u201d gjennom denne tilknytningen; det f\u00e5r mening.<\/em>\u00bb<\/p>\n\n\n\n<ul class=\"wp-block-list\">\n<li><strong>Band<\/strong>: Emperor<\/li>\n\n\n\n<li><strong>Utgivelse<\/strong>: In the Nightside Eclipse<\/li>\n\n\n\n<li><strong>\u00c5r<\/strong>: 1994<\/li>\n\n\n\n<li><strong>Plateselskap<\/strong>:&nbsp;<\/li>\n\n\n\n<li><strong>Lengde<\/strong>: 5:57<\/li>\n\n\n\n<li><strong>L\u00e5t<\/strong>: Beyond the Great Vast Forest<\/li>\n\n\n\n<li><strong>Sjanger<\/strong>: Black metal<\/li>\n\n\n\n<li><strong>Sted<\/strong>: Norge<\/li>\n<\/ul>\n\n\n\n<p>Tilretteleggelsen av et sted \u00e5 bo er det Norberg-Schulz kaller arkitektur. God og hensiktsmessig arkitektur fastholder omgivelsenes karakter, og er dermed ogs\u00e5 et uttrykk for v\u00e5rt indre. Stavkirken ligner i sin streben mot himmelen katedralen, men mens rommet i katedralen forklares av lys, s\u00e5 er stavkirken praktisk talt m\u00f8rk. Dette f\u00e5r if\u00f8lge Norberg-Schulz bare mening om vi opplever m\u00f8rket oppe i stavkirkens hvelving som det samme som lyset i Sydens kirker. Han skriver:<\/p>\n\n\n\n<blockquote class=\"wp-block-quote is-layout-flow wp-block-quote-is-layout-flow\">\n<p>I Norden fyller ikke lyset himmelrommet; bare sjelden er daghimmelen skyfri og \u00abstor\u00bb. Nattehimmelen derimot vider seg ut, og som en veldig stjernebes\u00e5dd hvelving omfatter den verden. Det var denne himmelen v\u00e5re forfedre tok med seg inn i stavkirken.<\/p>\n<cite>Norberg-Schulz<\/cite><\/blockquote>\n\n\n\n<p>Og det var denne kalde klare nattehimmelen den nordiske svartmetallen tok med seg over i musikken. De tok samtidig p\u00e5 seg ansvaret for \u00e5 frigj\u00f8re den stjernebes\u00e5dde hvelvingen fra stavkirkenes puristiske og stringente fangenskap, og f\u00f8rte den tilbake tronende over den uryddige skogen.<\/p>\n\n\n\n<p>Fortsatt holder svartmetallerne skogen kj\u00e6r, som f.eks. det svenske bandet Skogen. Vi skal h\u00f8re \u00abSvartskogen\u00bb fra deres fjerde langspiller <em>I D\u00f6den<\/em> fra 2014.<\/p>\n\n\n\n<ul class=\"wp-block-list\">\n<li><strong>Band<\/strong>: Skogen<\/li>\n\n\n\n<li><strong>Utgivelse<\/strong>: I D\u00f6den<\/li>\n\n\n\n<li><strong>\u00c5r<\/strong>: 2014<\/li>\n\n\n\n<li><strong>Plateselskap<\/strong>: Nordvis<\/li>\n\n\n\n<li><strong>L\u00e5t<\/strong>: Svartskogen<\/li>\n\n\n\n<li><strong>Lengde<\/strong>:&nbsp;<\/li>\n\n\n\n<li><strong>Sjanger<\/strong>: Black metal<\/li>\n\n\n\n<li><strong>Sted<\/strong>: Sverige<\/li>\n<\/ul>\n","protected":false},"excerpt":{"rendered":"<p>Det er en helt egen, overskridende opplevelse, \u00e5 vandre i den store, dype og m\u00f8rke granskogen en vinternatt. Naturen holder pusten i den strenge kulden, og din egen pust g\u00e5r i takt med tunge skritt i dyp sn\u00f8. Jeg har mange netter under \u00e5pen himmel midtvinters. N\u00e6rt et sprakende b\u00e5l, langt fra samfunnet og i [&hellip;]<\/p>\n","protected":false},"author":1,"featured_media":2319,"comment_status":"open","ping_status":"closed","sticky":false,"template":"","format":"standard","meta":{"_jetpack_memberships_contains_paid_content":false,"footnotes":""},"categories":[388,686],"tags":[],"class_list":["post-842","post","type-post","status-publish","format-standard","has-post-thumbnail","hentry","category-morke-meditasjoner-nb","category-spillerom-nb"],"yoast_head":"<!-- This site is optimized with the Yoast SEO plugin v27.5 - https:\/\/yoast.com\/product\/yoast-seo-wordpress\/ -->\n<title>Skogen - M\u00f8rke meditasjoner<\/title>\n<meta name=\"robots\" content=\"index, follow, max-snippet:-1, max-image-preview:large, max-video-preview:-1\" \/>\n<link rel=\"canonical\" href=\"https:\/\/morkemeditasjoner.no\/?p=842\" \/>\n<meta property=\"og:locale\" content=\"nb_NO\" \/>\n<meta property=\"og:type\" content=\"article\" \/>\n<meta property=\"og:title\" content=\"Skogen - M\u00f8rke meditasjoner\" \/>\n<meta property=\"og:description\" content=\"Det er en helt egen, overskridende opplevelse, \u00e5 vandre i den store, dype og m\u00f8rke granskogen en vinternatt. Naturen holder pusten i den strenge kulden, og din egen pust g\u00e5r i takt med tunge skritt i dyp sn\u00f8. Jeg har mange netter under \u00e5pen himmel midtvinters. N\u00e6rt et sprakende b\u00e5l, langt fra samfunnet og i [&hellip;]\" \/>\n<meta property=\"og:url\" content=\"https:\/\/morkemeditasjoner.no\/?p=842\" \/>\n<meta property=\"og:site_name\" content=\"M\u00f8rke meditasjoner\" \/>\n<meta property=\"article:published_time\" content=\"2019-07-18T23:00:00+00:00\" \/>\n<meta property=\"article:modified_time\" content=\"2026-04-12T12:04:24+00:00\" \/>\n<meta property=\"og:image\" content=\"https:\/\/morkemeditasjoner.no\/wp-content\/uploads\/2019\/07\/skogen-scaled.jpg\" \/>\n\t<meta property=\"og:image:width\" content=\"2560\" \/>\n\t<meta property=\"og:image:height\" content=\"1707\" \/>\n\t<meta property=\"og:image:type\" content=\"image\/jpeg\" \/>\n<meta name=\"author\" content=\"Helge Kaasin\" \/>\n<meta name=\"twitter:card\" content=\"summary_large_image\" \/>\n<meta name=\"twitter:label1\" content=\"Skrevet av\" \/>\n\t<meta name=\"twitter:data1\" content=\"Helge Kaasin\" \/>\n\t<meta name=\"twitter:label2\" content=\"Ansl. lesetid\" \/>\n\t<meta name=\"twitter:data2\" content=\"7 minutter\" \/>\n<script type=\"application\/ld+json\" class=\"yoast-schema-graph\">{\"@context\":\"https:\\\/\\\/schema.org\",\"@graph\":[{\"@type\":\"Article\",\"@id\":\"https:\\\/\\\/morkemeditasjoner.no\\\/?p=842#article\",\"isPartOf\":{\"@id\":\"https:\\\/\\\/morkemeditasjoner.no\\\/?p=842\"},\"author\":{\"name\":\"Helge Kaasin\",\"@id\":\"https:\\\/\\\/morkemeditasjoner.no\\\/#\\\/schema\\\/person\\\/068b71937f031d11c76cac94f404e820\"},\"headline\":\"Skogen\",\"datePublished\":\"2019-07-18T23:00:00+00:00\",\"dateModified\":\"2026-04-12T12:04:24+00:00\",\"mainEntityOfPage\":{\"@id\":\"https:\\\/\\\/morkemeditasjoner.no\\\/?p=842\"},\"wordCount\":1243,\"commentCount\":0,\"publisher\":{\"@id\":\"https:\\\/\\\/morkemeditasjoner.no\\\/#\\\/schema\\\/person\\\/068b71937f031d11c76cac94f404e820\"},\"image\":{\"@id\":\"https:\\\/\\\/morkemeditasjoner.no\\\/?p=842#primaryimage\"},\"thumbnailUrl\":\"https:\\\/\\\/morkemeditasjoner.no\\\/wp-content\\\/uploads\\\/2019\\\/07\\\/skogen-scaled.jpg\",\"articleSection\":[\"M\u00f8rke meditasjoner\",\"Spillerom\"],\"inLanguage\":\"nb-NO\",\"potentialAction\":[{\"@type\":\"CommentAction\",\"name\":\"Comment\",\"target\":[\"https:\\\/\\\/morkemeditasjoner.no\\\/?p=842#respond\"]}]},{\"@type\":\"WebPage\",\"@id\":\"https:\\\/\\\/morkemeditasjoner.no\\\/?p=842\",\"url\":\"https:\\\/\\\/morkemeditasjoner.no\\\/?p=842\",\"name\":\"Skogen - M\u00f8rke meditasjoner\",\"isPartOf\":{\"@id\":\"https:\\\/\\\/morkemeditasjoner.no\\\/#website\"},\"primaryImageOfPage\":{\"@id\":\"https:\\\/\\\/morkemeditasjoner.no\\\/?p=842#primaryimage\"},\"image\":{\"@id\":\"https:\\\/\\\/morkemeditasjoner.no\\\/?p=842#primaryimage\"},\"thumbnailUrl\":\"https:\\\/\\\/morkemeditasjoner.no\\\/wp-content\\\/uploads\\\/2019\\\/07\\\/skogen-scaled.jpg\",\"datePublished\":\"2019-07-18T23:00:00+00:00\",\"dateModified\":\"2026-04-12T12:04:24+00:00\",\"breadcrumb\":{\"@id\":\"https:\\\/\\\/morkemeditasjoner.no\\\/?p=842#breadcrumb\"},\"inLanguage\":\"nb-NO\",\"potentialAction\":[{\"@type\":\"ReadAction\",\"target\":[\"https:\\\/\\\/morkemeditasjoner.no\\\/?p=842\"]}]},{\"@type\":\"ImageObject\",\"inLanguage\":\"nb-NO\",\"@id\":\"https:\\\/\\\/morkemeditasjoner.no\\\/?p=842#primaryimage\",\"url\":\"https:\\\/\\\/morkemeditasjoner.no\\\/wp-content\\\/uploads\\\/2019\\\/07\\\/skogen-scaled.jpg\",\"contentUrl\":\"https:\\\/\\\/morkemeditasjoner.no\\\/wp-content\\\/uploads\\\/2019\\\/07\\\/skogen-scaled.jpg\",\"width\":2560,\"height\":1707,\"caption\":\"Foto: Helge Kaasin\"},{\"@type\":\"BreadcrumbList\",\"@id\":\"https:\\\/\\\/morkemeditasjoner.no\\\/?p=842#breadcrumb\",\"itemListElement\":[{\"@type\":\"ListItem\",\"position\":1,\"name\":\"Hjem\",\"item\":\"https:\\\/\\\/morkemeditasjoner.no\\\/\"},{\"@type\":\"ListItem\",\"position\":2,\"name\":\"Skogen\"}]},{\"@type\":\"WebSite\",\"@id\":\"https:\\\/\\\/morkemeditasjoner.no\\\/#website\",\"url\":\"https:\\\/\\\/morkemeditasjoner.no\\\/\",\"name\":\"M\u00f8rke meditasjoner\",\"description\":\"Filosofi, kulturhistorie og metall\",\"publisher\":{\"@id\":\"https:\\\/\\\/morkemeditasjoner.no\\\/#\\\/schema\\\/person\\\/068b71937f031d11c76cac94f404e820\"},\"potentialAction\":[{\"@type\":\"SearchAction\",\"target\":{\"@type\":\"EntryPoint\",\"urlTemplate\":\"https:\\\/\\\/morkemeditasjoner.no\\\/?s={search_term_string}\"},\"query-input\":{\"@type\":\"PropertyValueSpecification\",\"valueRequired\":true,\"valueName\":\"search_term_string\"}}],\"inLanguage\":\"nb-NO\"},{\"@type\":[\"Person\",\"Organization\"],\"@id\":\"https:\\\/\\\/morkemeditasjoner.no\\\/#\\\/schema\\\/person\\\/068b71937f031d11c76cac94f404e820\",\"name\":\"Helge Kaasin\",\"image\":{\"@type\":\"ImageObject\",\"inLanguage\":\"nb-NO\",\"@id\":\"https:\\\/\\\/secure.gravatar.com\\\/avatar\\\/b6c7a6757f4380803cf5d49f09e39a8fa0b02535d56aa6af60676515cf38d96f?s=96&d=mm&r=g\",\"url\":\"https:\\\/\\\/secure.gravatar.com\\\/avatar\\\/b6c7a6757f4380803cf5d49f09e39a8fa0b02535d56aa6af60676515cf38d96f?s=96&d=mm&r=g\",\"contentUrl\":\"https:\\\/\\\/secure.gravatar.com\\\/avatar\\\/b6c7a6757f4380803cf5d49f09e39a8fa0b02535d56aa6af60676515cf38d96f?s=96&d=mm&r=g\",\"caption\":\"Helge Kaasin\"},\"logo\":{\"@id\":\"https:\\\/\\\/secure.gravatar.com\\\/avatar\\\/b6c7a6757f4380803cf5d49f09e39a8fa0b02535d56aa6af60676515cf38d96f?s=96&d=mm&r=g\"},\"sameAs\":[\"https:\\\/\\\/morkemeditasjoner.no\"],\"url\":\"https:\\\/\\\/morkemeditasjoner.no\\\/?author=1\"}]}<\/script>\n<!-- \/ Yoast SEO plugin. -->","yoast_head_json":{"title":"Skogen - M\u00f8rke meditasjoner","robots":{"index":"index","follow":"follow","max-snippet":"max-snippet:-1","max-image-preview":"max-image-preview:large","max-video-preview":"max-video-preview:-1"},"canonical":"https:\/\/morkemeditasjoner.no\/?p=842","og_locale":"nb_NO","og_type":"article","og_title":"Skogen - M\u00f8rke meditasjoner","og_description":"Det er en helt egen, overskridende opplevelse, \u00e5 vandre i den store, dype og m\u00f8rke granskogen en vinternatt. Naturen holder pusten i den strenge kulden, og din egen pust g\u00e5r i takt med tunge skritt i dyp sn\u00f8. Jeg har mange netter under \u00e5pen himmel midtvinters. N\u00e6rt et sprakende b\u00e5l, langt fra samfunnet og i [&hellip;]","og_url":"https:\/\/morkemeditasjoner.no\/?p=842","og_site_name":"M\u00f8rke meditasjoner","article_published_time":"2019-07-18T23:00:00+00:00","article_modified_time":"2026-04-12T12:04:24+00:00","og_image":[{"width":2560,"height":1707,"url":"https:\/\/morkemeditasjoner.no\/wp-content\/uploads\/2019\/07\/skogen-scaled.jpg","type":"image\/jpeg"}],"author":"Helge Kaasin","twitter_card":"summary_large_image","twitter_misc":{"Skrevet av":"Helge Kaasin","Ansl. lesetid":"7 minutter"},"schema":{"@context":"https:\/\/schema.org","@graph":[{"@type":"Article","@id":"https:\/\/morkemeditasjoner.no\/?p=842#article","isPartOf":{"@id":"https:\/\/morkemeditasjoner.no\/?p=842"},"author":{"name":"Helge Kaasin","@id":"https:\/\/morkemeditasjoner.no\/#\/schema\/person\/068b71937f031d11c76cac94f404e820"},"headline":"Skogen","datePublished":"2019-07-18T23:00:00+00:00","dateModified":"2026-04-12T12:04:24+00:00","mainEntityOfPage":{"@id":"https:\/\/morkemeditasjoner.no\/?p=842"},"wordCount":1243,"commentCount":0,"publisher":{"@id":"https:\/\/morkemeditasjoner.no\/#\/schema\/person\/068b71937f031d11c76cac94f404e820"},"image":{"@id":"https:\/\/morkemeditasjoner.no\/?p=842#primaryimage"},"thumbnailUrl":"https:\/\/morkemeditasjoner.no\/wp-content\/uploads\/2019\/07\/skogen-scaled.jpg","articleSection":["M\u00f8rke meditasjoner","Spillerom"],"inLanguage":"nb-NO","potentialAction":[{"@type":"CommentAction","name":"Comment","target":["https:\/\/morkemeditasjoner.no\/?p=842#respond"]}]},{"@type":"WebPage","@id":"https:\/\/morkemeditasjoner.no\/?p=842","url":"https:\/\/morkemeditasjoner.no\/?p=842","name":"Skogen - M\u00f8rke meditasjoner","isPartOf":{"@id":"https:\/\/morkemeditasjoner.no\/#website"},"primaryImageOfPage":{"@id":"https:\/\/morkemeditasjoner.no\/?p=842#primaryimage"},"image":{"@id":"https:\/\/morkemeditasjoner.no\/?p=842#primaryimage"},"thumbnailUrl":"https:\/\/morkemeditasjoner.no\/wp-content\/uploads\/2019\/07\/skogen-scaled.jpg","datePublished":"2019-07-18T23:00:00+00:00","dateModified":"2026-04-12T12:04:24+00:00","breadcrumb":{"@id":"https:\/\/morkemeditasjoner.no\/?p=842#breadcrumb"},"inLanguage":"nb-NO","potentialAction":[{"@type":"ReadAction","target":["https:\/\/morkemeditasjoner.no\/?p=842"]}]},{"@type":"ImageObject","inLanguage":"nb-NO","@id":"https:\/\/morkemeditasjoner.no\/?p=842#primaryimage","url":"https:\/\/morkemeditasjoner.no\/wp-content\/uploads\/2019\/07\/skogen-scaled.jpg","contentUrl":"https:\/\/morkemeditasjoner.no\/wp-content\/uploads\/2019\/07\/skogen-scaled.jpg","width":2560,"height":1707,"caption":"Foto: Helge Kaasin"},{"@type":"BreadcrumbList","@id":"https:\/\/morkemeditasjoner.no\/?p=842#breadcrumb","itemListElement":[{"@type":"ListItem","position":1,"name":"Hjem","item":"https:\/\/morkemeditasjoner.no\/"},{"@type":"ListItem","position":2,"name":"Skogen"}]},{"@type":"WebSite","@id":"https:\/\/morkemeditasjoner.no\/#website","url":"https:\/\/morkemeditasjoner.no\/","name":"M\u00f8rke meditasjoner","description":"Filosofi, kulturhistorie og metall","publisher":{"@id":"https:\/\/morkemeditasjoner.no\/#\/schema\/person\/068b71937f031d11c76cac94f404e820"},"potentialAction":[{"@type":"SearchAction","target":{"@type":"EntryPoint","urlTemplate":"https:\/\/morkemeditasjoner.no\/?s={search_term_string}"},"query-input":{"@type":"PropertyValueSpecification","valueRequired":true,"valueName":"search_term_string"}}],"inLanguage":"nb-NO"},{"@type":["Person","Organization"],"@id":"https:\/\/morkemeditasjoner.no\/#\/schema\/person\/068b71937f031d11c76cac94f404e820","name":"Helge Kaasin","image":{"@type":"ImageObject","inLanguage":"nb-NO","@id":"https:\/\/secure.gravatar.com\/avatar\/b6c7a6757f4380803cf5d49f09e39a8fa0b02535d56aa6af60676515cf38d96f?s=96&d=mm&r=g","url":"https:\/\/secure.gravatar.com\/avatar\/b6c7a6757f4380803cf5d49f09e39a8fa0b02535d56aa6af60676515cf38d96f?s=96&d=mm&r=g","contentUrl":"https:\/\/secure.gravatar.com\/avatar\/b6c7a6757f4380803cf5d49f09e39a8fa0b02535d56aa6af60676515cf38d96f?s=96&d=mm&r=g","caption":"Helge Kaasin"},"logo":{"@id":"https:\/\/secure.gravatar.com\/avatar\/b6c7a6757f4380803cf5d49f09e39a8fa0b02535d56aa6af60676515cf38d96f?s=96&d=mm&r=g"},"sameAs":["https:\/\/morkemeditasjoner.no"],"url":"https:\/\/morkemeditasjoner.no\/?author=1"}]}},"jetpack_featured_media_url":"https:\/\/morkemeditasjoner.no\/wp-content\/uploads\/2019\/07\/skogen-scaled.jpg","jetpack_sharing_enabled":true,"_links":{"self":[{"href":"https:\/\/morkemeditasjoner.no\/index.php?rest_route=\/wp\/v2\/posts\/842","targetHints":{"allow":["GET"]}}],"collection":[{"href":"https:\/\/morkemeditasjoner.no\/index.php?rest_route=\/wp\/v2\/posts"}],"about":[{"href":"https:\/\/morkemeditasjoner.no\/index.php?rest_route=\/wp\/v2\/types\/post"}],"author":[{"embeddable":true,"href":"https:\/\/morkemeditasjoner.no\/index.php?rest_route=\/wp\/v2\/users\/1"}],"replies":[{"embeddable":true,"href":"https:\/\/morkemeditasjoner.no\/index.php?rest_route=%2Fwp%2Fv2%2Fcomments&post=842"}],"version-history":[{"count":5,"href":"https:\/\/morkemeditasjoner.no\/index.php?rest_route=\/wp\/v2\/posts\/842\/revisions"}],"predecessor-version":[{"id":2318,"href":"https:\/\/morkemeditasjoner.no\/index.php?rest_route=\/wp\/v2\/posts\/842\/revisions\/2318"}],"wp:featuredmedia":[{"embeddable":true,"href":"https:\/\/morkemeditasjoner.no\/index.php?rest_route=\/wp\/v2\/media\/2319"}],"wp:attachment":[{"href":"https:\/\/morkemeditasjoner.no\/index.php?rest_route=%2Fwp%2Fv2%2Fmedia&parent=842"}],"wp:term":[{"taxonomy":"category","embeddable":true,"href":"https:\/\/morkemeditasjoner.no\/index.php?rest_route=%2Fwp%2Fv2%2Fcategories&post=842"},{"taxonomy":"post_tag","embeddable":true,"href":"https:\/\/morkemeditasjoner.no\/index.php?rest_route=%2Fwp%2Fv2%2Ftags&post=842"}],"curies":[{"name":"wp","href":"https:\/\/api.w.org\/{rel}","templated":true}]}}